{"id":1788,"date":"2019-03-02T21:39:07","date_gmt":"2019-03-02T21:39:07","guid":{"rendered":"http:\/\/www.radiopresidenteibanez.cl\/web\/?p=1788"},"modified":"2019-03-02T21:39:32","modified_gmt":"2019-03-02T21:39:32","slug":"alcalde-de-cabo-de-hornos-tras-reunion-con-intendente-fernandez-espero-que-este-nuevo-gobierno-regional-tenga-una-mirada-participativa-hacia-las-comunas-y-en-especial-con-puerto-williams","status":"publish","type":"post","link":"https:\/\/www.radiopresidenteibanez.cl\/web\/alcalde-de-cabo-de-hornos-tras-reunion-con-intendente-fernandez-espero-que-este-nuevo-gobierno-regional-tenga-una-mirada-participativa-hacia-las-comunas-y-en-especial-con-puerto-williams\/","title":{"rendered":"ALCALDE DE CABO DE HORNOS TRAS REUNI\u00d3N CON INTENDENTE FERN\u00c1NDEZ: \u201cESPERO QUE ESTE NUEVO GOBIERNO REGIONAL TENGA UNA MIRADA PARTICIPATIVA HACIA LAS COMUNAS Y, EN ESPECIAL, CON PUERTO WILLIAMS"},"content":{"rendered":"\n<p>Con una visita protocolar hasta la \u201cMoneda\nchica\u201d por parte del alcalde de la comuna de Cabo de Hornos, Patricio\nFern\u00e1ndez, sirvi\u00f3 para tener una primera reuni\u00f3n con el Intendente Jos\u00e9\nFern\u00e1ndez, con el fin de aunar miradas en el futuro que depara a Navarino.<\/p>\n\n\n\n<p>\u201cEl nuevo Intendente tiene un vasto\nconocimiento de la regi\u00f3n. Lleva mucho tiempo en el servicio p\u00fablico y entiende\nnuestras necesidades. No podemos seguir esperando, sabe que necesitamos\nelectrificar los sectores rurales; necesitamos construir las 23 viviendas que\nsiguen en la fila; el anhelado centro deportivo; el tratamiento de la basura y\nuna cartera importante de proyectos para 2 o 3 a\u00f1os de gesti\u00f3n\u201d, asever\u00f3 la\nautoridad comunal.&nbsp; <\/p>\n\n\n\n<p>Sobre la llegada de las salmoneras a Cabo de\nHornos, el alcalde manifest\u00f3 que \u201clamentablemente el Intendente me se\u00f1al\u00f3 que\nlas cosas ya est\u00e1n hechas y que van a llegar a nuestro territorio, pero vamos a\nexigir un mayor empoderamiento de la ciudadan\u00eda sobre estos temas, que se haga\nuna consulta ind\u00edgena y estaremos muy atentos a su desarrollo, esperando que no\nsigan llegando m\u00e1s\u201d, recalc\u00f3.&nbsp;&nbsp; <\/p>\n","protected":false},"excerpt":{"rendered":"<p>Con una visita protocolar hasta la \u201cMoneda chica\u201d por parte del alcalde de la comuna de Cabo de Hornos, Patricio Fern\u00e1ndez, sirvi\u00f3 para tener una primera reuni\u00f3n con el Intendente&#8230; <a class=\"read-more\" href=\"https:\/\/www.radiopresidenteibanez.cl\/web\/alcalde-de-cabo-de-hornos-tras-reunion-con-intendente-fernandez-espero-que-este-nuevo-gobierno-regional-tenga-una-mirada-participativa-hacia-las-comunas-y-en-especial-con-puerto-williams\/\">Leer m\u00e1s<\/a><\/p>\n","protected":false},"author":2,"featured_media":1789,"comment_status":"closed","ping_status":"closed","sticky":false,"template":"","format":"standard","meta":{"footnotes":""},"categories":[1],"tags":[],"class_list":["post-1788","post","type-post","status-publish","format-standard","has-post-thumbnail","hentry","category-cronica"],"_links":{"self":[{"href":"https:\/\/www.radiopresidenteibanez.cl\/web\/wp-json\/wp\/v2\/posts\/1788","targetHints":{"allow":["GET"]}}],"collection":[{"href":"https:\/\/www.radiopresidenteibanez.cl\/web\/wp-json\/wp\/v2\/posts"}],"about":[{"href":"https:\/\/www.radiopresidenteibanez.cl\/web\/wp-json\/wp\/v2\/types\/post"}],"author":[{"embeddable":true,"href":"https:\/\/www.radiopresidenteibanez.cl\/web\/wp-json\/wp\/v2\/users\/2"}],"replies":[{"embeddable":true,"href":"https:\/\/www.radiopresidenteibanez.cl\/web\/wp-json\/wp\/v2\/comments?post=1788"}],"version-history":[{"count":0,"href":"https:\/\/www.radiopresidenteibanez.cl\/web\/wp-json\/wp\/v2\/posts\/1788\/revisions"}],"wp:featuredmedia":[{"embeddable":true,"href":"https:\/\/www.radiopresidenteibanez.cl\/web\/wp-json\/wp\/v2\/media\/1789"}],"wp:attachment":[{"href":"https:\/\/www.radiopresidenteibanez.cl\/web\/wp-json\/wp\/v2\/media?parent=1788"}],"wp:term":[{"taxonomy":"category","embeddable":true,"href":"https:\/\/www.radiopresidenteibanez.cl\/web\/wp-json\/wp\/v2\/categories?post=1788"},{"taxonomy":"post_tag","embeddable":true,"href":"https:\/\/www.radiopresidenteibanez.cl\/web\/wp-json\/wp\/v2\/tags?post=1788"}],"curies":[{"name":"wp","href":"https:\/\/api.w.org\/{rel}","templated":true}]}}