{"id":17862,"date":"2021-01-18T01:31:54","date_gmt":"2021-01-18T01:31:54","guid":{"rendered":"https:\/\/www.radiopresidenteibanez.cl\/web\/?p=17862"},"modified":"2021-01-18T01:32:00","modified_gmt":"2021-01-18T01:32:00","slug":"tabsa-traslada-sin-costo-mamografo-movil-a-puerto-williams","status":"publish","type":"post","link":"https:\/\/www.radiopresidenteibanez.cl\/web\/tabsa-traslada-sin-costo-mamografo-movil-a-puerto-williams\/","title":{"rendered":"TABSA TRASLADA SIN COSTO MAM\u00d3GRAFO M\u00d3VIL A PUERTO WILLIAMS"},"content":{"rendered":"\n<p>Esta semana se trasladar\u00e1 a bordo del ferry Yaghan el Mam\u00f3grafo M\u00f3vil del Servicio de Salud Magallanes con el prop\u00f3sito de realizar ex\u00e1menes en la capital de la provincia Ant\u00e1rtica. La empresa naviera ofreci\u00f3 realizar el traslado sin costo con el prop\u00f3sito de respaldar el esfuerzo de las autoridades de Salud con la prevenci\u00f3n de enfermedades que podr\u00edan afectan a la poblaci\u00f3n femenina de Navarino.<\/p>\n\n\n\n<p>\u201cComo empresa siempre hemos tenido el firme compromiso con las comunidades aisladas, en especial Puerto Williams en donde este tipo de equipamiento m\u00e9dico s\u00f3lo puede llagar por v\u00eda mar\u00edtima\u201d, destac\u00f3 el gerente general de Tabsa, Alejandro Kusanovic.<\/p>\n\n\n\n<p>El ejecutivo explic\u00f3 que el traslado del Mam\u00f3grafo M\u00f3vil y el personal m\u00e9dico se realizar\u00e1 cumpliendo con todos los protocolos sanitarios dispuestos por las autoridades como una forma de prevenir la propagaci\u00f3n del coronavirus.<\/p>\n","protected":false},"excerpt":{"rendered":"<p>Esta semana se trasladar\u00e1 a bordo del ferry Yaghan el Mam\u00f3grafo M\u00f3vil del Servicio de Salud Magallanes con el prop\u00f3sito de realizar ex\u00e1menes en la capital de la provincia Ant\u00e1rtica&#8230;. <a class=\"read-more\" href=\"https:\/\/www.radiopresidenteibanez.cl\/web\/tabsa-traslada-sin-costo-mamografo-movil-a-puerto-williams\/\">Leer m\u00e1s<\/a><\/p>\n","protected":false},"author":2,"featured_media":17863,"comment_status":"closed","ping_status":"closed","sticky":false,"template":"","format":"standard","meta":{"footnotes":""},"categories":[1],"tags":[],"class_list":["post-17862","post","type-post","status-publish","format-standard","has-post-thumbnail","hentry","category-cronica"],"_links":{"self":[{"href":"https:\/\/www.radiopresidenteibanez.cl\/web\/wp-json\/wp\/v2\/posts\/17862","targetHints":{"allow":["GET"]}}],"collection":[{"href":"https:\/\/www.radiopresidenteibanez.cl\/web\/wp-json\/wp\/v2\/posts"}],"about":[{"href":"https:\/\/www.radiopresidenteibanez.cl\/web\/wp-json\/wp\/v2\/types\/post"}],"author":[{"embeddable":true,"href":"https:\/\/www.radiopresidenteibanez.cl\/web\/wp-json\/wp\/v2\/users\/2"}],"replies":[{"embeddable":true,"href":"https:\/\/www.radiopresidenteibanez.cl\/web\/wp-json\/wp\/v2\/comments?post=17862"}],"version-history":[{"count":0,"href":"https:\/\/www.radiopresidenteibanez.cl\/web\/wp-json\/wp\/v2\/posts\/17862\/revisions"}],"wp:featuredmedia":[{"embeddable":true,"href":"https:\/\/www.radiopresidenteibanez.cl\/web\/wp-json\/wp\/v2\/media\/17863"}],"wp:attachment":[{"href":"https:\/\/www.radiopresidenteibanez.cl\/web\/wp-json\/wp\/v2\/media?parent=17862"}],"wp:term":[{"taxonomy":"category","embeddable":true,"href":"https:\/\/www.radiopresidenteibanez.cl\/web\/wp-json\/wp\/v2\/categories?post=17862"},{"taxonomy":"post_tag","embeddable":true,"href":"https:\/\/www.radiopresidenteibanez.cl\/web\/wp-json\/wp\/v2\/tags?post=17862"}],"curies":[{"name":"wp","href":"https:\/\/api.w.org\/{rel}","templated":true}]}}