{"id":17856,"date":"2021-01-18T01:27:35","date_gmt":"2021-01-18T01:27:35","guid":{"rendered":"https:\/\/www.radiopresidenteibanez.cl\/web\/?p=17856"},"modified":"2021-01-18T01:27:39","modified_gmt":"2021-01-18T01:27:39","slug":"la-seremi-de-la-mujer-y-la-equidad-de-genero-daisy-carrera-ocaranza-destaco-el-anuncio-del-presidente-sebastian-pinera-sobre-el-subsidio-de-200-mil-pesos-para-madres-trabajadoras","status":"publish","type":"post","link":"https:\/\/www.radiopresidenteibanez.cl\/web\/la-seremi-de-la-mujer-y-la-equidad-de-genero-daisy-carrera-ocaranza-destaco-el-anuncio-del-presidente-sebastian-pinera-sobre-el-subsidio-de-200-mil-pesos-para-madres-trabajadoras\/","title":{"rendered":"LA SEREMI DE LA MUJER Y LA EQUIDAD DE G\u00c9NERO DAISY CARRERA OCARANZA DESTAC\u00d3 EL ANUNCIO DEL PRESIDENTE SEBASTI\u00c1N PI\u00d1ERA, SOBRE EL SUBSIDIO DE 200 MIL PESOS PARA MADRES TRABAJADORAS"},"content":{"rendered":"\n<p>La nueva\nmedida se dio a conocer este viernes por el primer mandatario, quien fue acompa\u00f1ado\npor los ministros del Trabajo y Previsi\u00f3n Social, Mar\u00eda Jos\u00e9 Zald\u00edvar; de\nHacienda, Ignacio Briones y de la Mujer y la Equidad de G\u00e9nero, M\u00f3nica Zalaquett,\ny anuncia la entrega de un nuevo Subsidio Protege, para el cuidado de ni\u00f1os y\nni\u00f1as menores de 2 a\u00f1os.<\/p>\n\n\n\n<p>Se trata de<strong> <\/strong>un subsidio mensual de $200.000 que se entregar\u00e1\ndirectamente a lasmadres\ntrabajadoras, dependientes e independientes, que tengan a su cargo el cuidado\nde ni\u00f1os o ni\u00f1as menores de 2 a\u00f1os, para que lo destinen al cuidado de los\nmismos y que no tengan garantizado el derecho a sala cuna por parte de su\nempleador.<\/p>\n\n\n\n<p>Podr\u00e1n acceder al subsidio<strong> <\/strong>las madres trabajadoras, dependientes o\nindependientes,que tengan a su\ncargo el cuidado de un ni\u00f1o o ni\u00f1a menor de dos a\u00f1os; y alternativamente: los\npadres trabajadores, dependientes o independientes, que tenga el cuidado\npersonal de manera exclusiva, o aquel que se le haya otorgado el cuidado\npersonal de un ni\u00f1o o ni\u00f1a menor de dos a\u00f1os.<\/p>\n\n\n\n<p>El beneficio se extender\u00e1 por 3\nmeses, renovables mientras se mantenga vigente el estado de excepci\u00f3n con\nmotivo de las condiciones sanitarias de la pandemia del Covid-19 que justifican\nsu implementaci\u00f3n. La renovaci\u00f3n se realizar\u00e1 mensualmente por un periodo\nm\u00e1ximo de seis meses.<\/p>\n\n\n\n<p><strong>La Seremi\nDaisy Carrera Ocaranza valor\u00f3 la medida que \u201cva en directo beneficio de\naquellas madres trabajadoras que ven con preocupaci\u00f3n la interrupci\u00f3n de la red\nde cuidados producto de esta pandemia, y agreg\u00f3 que este subsidio consta de un\naporte mensual de 200 mil pesos que se entregar\u00e1n directamente a las madres o\npadres trabajadores que tengan a su cargo a un ni\u00f1o o ni\u00f1a menor de dos a\u00f1os\nque no tengan garantizado el derecho a una sala cuna por parte de su empleador\u201d.<\/strong><\/p>\n\n\n\n<p>Daisy Carrera agradeci\u00f3 a las\nsenadoras Adriana Mu\u00f1oz, Carolina Goic Marcela Sabat y Ena Von Baer por el\nesfuerzo desplegado en las \u00faltimas semanas para lograr el acuerdo que permiti\u00f3\nlanzar el #SubsidioProtege.<\/p>\n\n\n\n<p><strong>Postulaci\u00f3n:<\/strong><\/p>\n\n\n\n<p>Al beneficio debe postular directamente la\nmadre trabajadora beneficiaria en la p\u00e1gina web www.subsidioalempleo.cl, en el\nque se verifica el cumplimiento de los requisitos de acceso con las bases de\ndatos en l\u00ednea que dispone dicho Servicio, y se podr\u00e1 postular a partir de\nfebrero de 2021.<\/p>\n\n\n\n<p>Este beneficio surge de\nlas necesidades provocadas por alguna de estas variantes:<\/p>\n\n\n\n<p>T\u00e9rmino de extensi\u00f3n de\nlicencias m\u00e9dicas preventivas parentales (LMPP) de Ley de Crianza Protegida: a\nla fecha, 39.974 madres trabajadoras han hecho uso de sus tres licencias\nm\u00e9dicas preventivas parentales (LMPP).<\/p>\n\n\n\n<p>Salas cunas y jardines\ninfantiles con bajos niveles de funcionamiento, lo que genera problemas en la \u201ccadena\nde cuidado\u201d de ni\u00f1os y ni\u00f1as.<\/p>\n\n\n\n<p>P\u00e9rdida de empleo\nfemenino: ca\u00edda de 16,0% en trimestre sept-oct-nov 2020 (respeto a\nseptiembre-octubre-noviembre 2019).<\/p>\n\n\n\n<p><strong>Caracter\u00edsticas del Subsidio Protege:<\/strong><\/p>\n\n\n\n<p>El beneficio se\nconfigura como una tercera l\u00ednea del Subsidio al Empleo, que ya estaba\nconformado por los subsidios Contrata y Regresa y abarca un Universo potencial\nde 35.067 mujeres.<\/p>\n\n\n\n<p>La Duraci\u00f3n\nes de 3 meses renovables mientras se mantenga vigente el estado de excepci\u00f3n con\nmotivo de las condiciones sanitarias de la pandemia del Covid-19 que justifican\nsu implementaci\u00f3n. La renovaci\u00f3n se realizar\u00e1 mensualmente por un periodo\nm\u00e1ximo de seis meses.<\/p>\n\n\n\n<p>Se entregar\u00e1 1 bono\n($200.000) por cada ni\u00f1o o ni\u00f1a menor de 2 a\u00f1os que la madre o padre\ntrabajador, seg\u00fan sea el caso, tengan a su cuidado.<\/p>\n\n\n\n<p>El Monto\ndel Subsidio por tipo de jornada es: Beneficio completo ($200.000) para trabajadoras\ncon contratos a tiempo completo y; beneficio proporcional para las que tengan\nuna jornada inferior.<\/p>\n\n\n\n<p><strong>Los Requisitos de acceso son:<\/strong><\/p>\n\n\n\n<ol class=\"wp-block-list\"><li>Estar dentro del universo de beneficiarios;<\/li><\/ol>\n\n\n\n<ul class=\"wp-block-list\"><li>Haberse\nreincorporado efectivamente al trabajo, ya sea en modalidad de teletrabajo, a\ndistancia o mixta;<\/li><\/ul>\n\n\n\n<ul class=\"wp-block-list\"><li>Cumplir con el siguiente m\u00ednimo de cotizaciones:<\/li><\/ul>\n\n\n\n<p>Trabajadoras dependientes: 4 cotizaciones en los\n\u00faltimos 12 meses, debiendo ser al menos una correspondiente al \u00faltimo mes\nanterior a la postulaci\u00f3n.<\/p>\n\n\n\n<p>Trabajadoras independientes:\nhaber cotizado como independientes en la \u00faltima operaci\u00f3n renta y no tener\nderecho a sala cuna por su condici\u00f3n de dependiente.<\/p>\n\n\n\n<p>Este subsidio excluye a quienes reciban beneficios\nde Ley de Crianza Protegida y Suspensiones por Ley de Protecci\u00f3n de Empleo.<\/p>\n\n\n\n<p>No aplica para madres trabajadoras que laboren en\nempresas que est\u00e1n obligadas a entregar beneficio de sala cuna por tener\ncontratadas a 20 o m\u00e1s mujeres.<\/p>\n\n\n\n<p>No aplica para madres trabajadoras del sector\np\u00fablico, ya que actualmente reciben el beneficio de sala cuna o un bono\ncompensatorio por el mismo.<\/p>\n\n\n\n<p>Una misma trabajadora no puede recibir doble beneficio\npor tener calidad de trabajadora dependiente e independiente al mismo tiempo.<\/p>\n","protected":false},"excerpt":{"rendered":"<p>La nueva medida se dio a conocer este viernes por el primer mandatario, quien fue acompa\u00f1ado por los ministros del Trabajo y Previsi\u00f3n Social, Mar\u00eda Jos\u00e9 Zald\u00edvar; de Hacienda, Ignacio&#8230; <a class=\"read-more\" href=\"https:\/\/www.radiopresidenteibanez.cl\/web\/la-seremi-de-la-mujer-y-la-equidad-de-genero-daisy-carrera-ocaranza-destaco-el-anuncio-del-presidente-sebastian-pinera-sobre-el-subsidio-de-200-mil-pesos-para-madres-trabajadoras\/\">Leer m\u00e1s<\/a><\/p>\n","protected":false},"author":2,"featured_media":17857,"comment_status":"closed","ping_status":"closed","sticky":false,"template":"","format":"standard","meta":{"footnotes":""},"categories":[1],"tags":[],"class_list":["post-17856","post","type-post","status-publish","format-standard","has-post-thumbnail","hentry","category-cronica"],"_links":{"self":[{"href":"https:\/\/www.radiopresidenteibanez.cl\/web\/wp-json\/wp\/v2\/posts\/17856","targetHints":{"allow":["GET"]}}],"collection":[{"href":"https:\/\/www.radiopresidenteibanez.cl\/web\/wp-json\/wp\/v2\/posts"}],"about":[{"href":"https:\/\/www.radiopresidenteibanez.cl\/web\/wp-json\/wp\/v2\/types\/post"}],"author":[{"embeddable":true,"href":"https:\/\/www.radiopresidenteibanez.cl\/web\/wp-json\/wp\/v2\/users\/2"}],"replies":[{"embeddable":true,"href":"https:\/\/www.radiopresidenteibanez.cl\/web\/wp-json\/wp\/v2\/comments?post=17856"}],"version-history":[{"count":0,"href":"https:\/\/www.radiopresidenteibanez.cl\/web\/wp-json\/wp\/v2\/posts\/17856\/revisions"}],"wp:featuredmedia":[{"embeddable":true,"href":"https:\/\/www.radiopresidenteibanez.cl\/web\/wp-json\/wp\/v2\/media\/17857"}],"wp:attachment":[{"href":"https:\/\/www.radiopresidenteibanez.cl\/web\/wp-json\/wp\/v2\/media?parent=17856"}],"wp:term":[{"taxonomy":"category","embeddable":true,"href":"https:\/\/www.radiopresidenteibanez.cl\/web\/wp-json\/wp\/v2\/categories?post=17856"},{"taxonomy":"post_tag","embeddable":true,"href":"https:\/\/www.radiopresidenteibanez.cl\/web\/wp-json\/wp\/v2\/tags?post=17856"}],"curies":[{"name":"wp","href":"https:\/\/api.w.org\/{rel}","templated":true}]}}