{"id":1785,"date":"2019-03-02T21:28:46","date_gmt":"2019-03-02T21:28:46","guid":{"rendered":"http:\/\/www.radiopresidenteibanez.cl\/web\/?p=1785"},"modified":"2019-03-02T21:29:19","modified_gmt":"2019-03-02T21:29:19","slug":"seremis-de-gobierno-y-hacienda-llaman-a-planificar-gastos-de-marzo","status":"publish","type":"post","link":"https:\/\/www.radiopresidenteibanez.cl\/web\/seremis-de-gobierno-y-hacienda-llaman-a-planificar-gastos-de-marzo\/","title":{"rendered":"SEREMIS DE GOBIERNO Y HACIENDA LLAMAN A PLANIFICAR GASTOS DE MARZO"},"content":{"rendered":"\n<p>Marzo es uno de los meses m\u00e1s complejos para los presupuestos\nfamiliares, debido a los costos que se deben asumir. Muchos piensan en c\u00f3mo costear\nuniformes, \u00fatiles escolares, y a ello se suma el pago del Seguro Obligatorio de\nAccidentes Personales (SOAP) y el permiso de circulaci\u00f3n que deben pagar los\ndue\u00f1os de autom\u00f3viles. <\/p>\n\n\n\n<p>En este contexto, el Ministerio de Hacienda lanz\u00f3 la segunda etapa del\nplan \u201cBilletera Responsable\u201d, iniciativa que se enfoca en apoyar a la\nciudadan\u00eda en la planificaci\u00f3n de sus gastos. <\/p>\n\n\n\n<p>En la regi\u00f3n, esta actividad la lideraron las seremis de Hacienda y\nGobierno, Lil Garc\u00e9s y Alejandra Mu\u00f1oz, quienes este viernes llegaron hasta\ncalle Roca para informar y dialogar con los ciudadanos sobre la importancia de\ncotizar antes de comprar.<\/p>\n\n\n\n<p>La seremi de Gobierno, Alejandra Mu\u00f1oz manifesto que \u201cel objetivo de\nesta campa\u00f1a es sensibilizar a las personas en la preparaci\u00f3n de presupuestos\nque les permitan tener conciencia de sus ingresos y gastos, as\u00ed como en la\nimportancia de cotizar y comparar precios de productos antes de adquirirlos\u201d.<\/p>\n\n\n\n<p>El Gobierno est\u00e1 comprometido con desarrollar iniciativas de educaci\u00f3n\nfinanciera, como el plan Billetera Responsable, que busca que los ciudadanos\naprendan a ahorrar y a planificar sus gastos.<\/p>\n\n\n\n<p>La seremi de Hacienda, Lil Garc\u00e9s se\u00f1al\u00f3 que \u201ces importante informar a\nla ciudadan\u00eda y entregar links y datos de inter\u00e9s que permitan tomar decisiones\nobjetivas para optar por la mejor estrategia de compra y pago de las\nobligaciones financieras que implica el mes de marzo en cada grupo familiar\u201d<\/p>\n","protected":false},"excerpt":{"rendered":"<p>Marzo es uno de los meses m\u00e1s complejos para los presupuestos familiares, debido a los costos que se deben asumir. Muchos piensan en c\u00f3mo costear uniformes, \u00fatiles escolares, y a&#8230; <a class=\"read-more\" href=\"https:\/\/www.radiopresidenteibanez.cl\/web\/seremis-de-gobierno-y-hacienda-llaman-a-planificar-gastos-de-marzo\/\">Leer m\u00e1s<\/a><\/p>\n","protected":false},"author":2,"featured_media":1786,"comment_status":"closed","ping_status":"closed","sticky":false,"template":"","format":"standard","meta":{"footnotes":""},"categories":[1],"tags":[],"class_list":["post-1785","post","type-post","status-publish","format-standard","has-post-thumbnail","hentry","category-cronica"],"_links":{"self":[{"href":"https:\/\/www.radiopresidenteibanez.cl\/web\/wp-json\/wp\/v2\/posts\/1785","targetHints":{"allow":["GET"]}}],"collection":[{"href":"https:\/\/www.radiopresidenteibanez.cl\/web\/wp-json\/wp\/v2\/posts"}],"about":[{"href":"https:\/\/www.radiopresidenteibanez.cl\/web\/wp-json\/wp\/v2\/types\/post"}],"author":[{"embeddable":true,"href":"https:\/\/www.radiopresidenteibanez.cl\/web\/wp-json\/wp\/v2\/users\/2"}],"replies":[{"embeddable":true,"href":"https:\/\/www.radiopresidenteibanez.cl\/web\/wp-json\/wp\/v2\/comments?post=1785"}],"version-history":[{"count":0,"href":"https:\/\/www.radiopresidenteibanez.cl\/web\/wp-json\/wp\/v2\/posts\/1785\/revisions"}],"wp:featuredmedia":[{"embeddable":true,"href":"https:\/\/www.radiopresidenteibanez.cl\/web\/wp-json\/wp\/v2\/media\/1786"}],"wp:attachment":[{"href":"https:\/\/www.radiopresidenteibanez.cl\/web\/wp-json\/wp\/v2\/media?parent=1785"}],"wp:term":[{"taxonomy":"category","embeddable":true,"href":"https:\/\/www.radiopresidenteibanez.cl\/web\/wp-json\/wp\/v2\/categories?post=1785"},{"taxonomy":"post_tag","embeddable":true,"href":"https:\/\/www.radiopresidenteibanez.cl\/web\/wp-json\/wp\/v2\/tags?post=1785"}],"curies":[{"name":"wp","href":"https:\/\/api.w.org\/{rel}","templated":true}]}}