{"id":1783,"date":"2019-03-02T21:02:44","date_gmt":"2019-03-02T21:02:44","guid":{"rendered":"http:\/\/www.radiopresidenteibanez.cl\/web\/?p=1783"},"modified":"2019-03-02T21:03:22","modified_gmt":"2019-03-02T21:03:22","slug":"gendarmeria-informo-sobre-situacion-con-reo-que-cerceno-su-dedo","status":"publish","type":"post","link":"https:\/\/www.radiopresidenteibanez.cl\/web\/gendarmeria-informo-sobre-situacion-con-reo-que-cerceno-su-dedo\/","title":{"rendered":"GENDARMER\u00cdA INFORM\u00d3 SOBRE SITUACI\u00d3N CON REO QUE CERCEN\u00d3 SU DEDO"},"content":{"rendered":"\n<p> Gendarmer\u00eda de Chile informa a trav\u00e9s de su Director Regional (S), Teniente Coronel Dan Toro Ar\u00e9valo, que durante la ma\u00f1ana de este s\u00e1bado 2 de marzo de 2019, en el Complejo Penitenciario (CP) de Punta Arenas, siendo las 10:10 Hrs. aproximadamente, se debi\u00f3 atender en la enfermer\u00eda del CP al interno imputado Alexis Quinteros Trigo, quien present\u00f3 su dedo me\u00f1ique izquierdo cercenado como forma de protesta en contra del proceso del Ministerio P\u00fablico que lo acusa.<\/p>\n\n\n\n<p>Quinteros Trigo est\u00e1 siendo derivado en estos momentos al Hospital Cl\u00ednico Regional, y es co-imputado en la misma causa por el que el recluso An\u00edbal Chand\u00eda Vergara se habr\u00eda autolesionado ayer viernes.<\/p>\n\n\n\n<p>El estado de salud del interno Alexis Quinteros es reservado, por el momento, mientras que An\u00edbal Chand\u00eda se mantiene en recuperaci\u00f3n en la Unidad de Cuidados Intensivos del Hospital Regional. <\/p>\n","protected":false},"excerpt":{"rendered":"<p>Gendarmer\u00eda de Chile informa a trav\u00e9s de su Director Regional (S), Teniente Coronel Dan Toro Ar\u00e9valo, que durante la ma\u00f1ana de este s\u00e1bado 2 de marzo de 2019, en el&#8230; <a class=\"read-more\" href=\"https:\/\/www.radiopresidenteibanez.cl\/web\/gendarmeria-informo-sobre-situacion-con-reo-que-cerceno-su-dedo\/\">Leer m\u00e1s<\/a><\/p>\n","protected":false},"author":2,"featured_media":57,"comment_status":"closed","ping_status":"closed","sticky":false,"template":"","format":"standard","meta":{"footnotes":""},"categories":[1,6],"tags":[],"class_list":["post-1783","post","type-post","status-publish","format-standard","has-post-thumbnail","hentry","category-cronica","category-policial"],"_links":{"self":[{"href":"https:\/\/www.radiopresidenteibanez.cl\/web\/wp-json\/wp\/v2\/posts\/1783","targetHints":{"allow":["GET"]}}],"collection":[{"href":"https:\/\/www.radiopresidenteibanez.cl\/web\/wp-json\/wp\/v2\/posts"}],"about":[{"href":"https:\/\/www.radiopresidenteibanez.cl\/web\/wp-json\/wp\/v2\/types\/post"}],"author":[{"embeddable":true,"href":"https:\/\/www.radiopresidenteibanez.cl\/web\/wp-json\/wp\/v2\/users\/2"}],"replies":[{"embeddable":true,"href":"https:\/\/www.radiopresidenteibanez.cl\/web\/wp-json\/wp\/v2\/comments?post=1783"}],"version-history":[{"count":0,"href":"https:\/\/www.radiopresidenteibanez.cl\/web\/wp-json\/wp\/v2\/posts\/1783\/revisions"}],"wp:featuredmedia":[{"embeddable":true,"href":"https:\/\/www.radiopresidenteibanez.cl\/web\/wp-json\/wp\/v2\/media\/57"}],"wp:attachment":[{"href":"https:\/\/www.radiopresidenteibanez.cl\/web\/wp-json\/wp\/v2\/media?parent=1783"}],"wp:term":[{"taxonomy":"category","embeddable":true,"href":"https:\/\/www.radiopresidenteibanez.cl\/web\/wp-json\/wp\/v2\/categories?post=1783"},{"taxonomy":"post_tag","embeddable":true,"href":"https:\/\/www.radiopresidenteibanez.cl\/web\/wp-json\/wp\/v2\/tags?post=1783"}],"curies":[{"name":"wp","href":"https:\/\/api.w.org\/{rel}","templated":true}]}}