{"id":1780,"date":"2019-03-02T20:53:34","date_gmt":"2019-03-02T20:53:34","guid":{"rendered":"http:\/\/www.radiopresidenteibanez.cl\/web\/?p=1780"},"modified":"2019-03-02T20:53:59","modified_gmt":"2019-03-02T20:53:59","slug":"carabineros-refuerza-la-seguridad-de-la-region-con-servicio-extraordinario","status":"publish","type":"post","link":"https:\/\/www.radiopresidenteibanez.cl\/web\/carabineros-refuerza-la-seguridad-de-la-region-con-servicio-extraordinario\/","title":{"rendered":"CARABINEROS REFUERZA LA SEGURIDAD DE LA REGI\u00d3N CON SERVICIO EXTRAORDINARIO"},"content":{"rendered":"\n<p>En el parque Mar\u00eda Behety, Carabineros realiz\u00f3 hoy la presentaci\u00f3n de un nuevo operativo preventivo que inici\u00f3 ayer viernes, con el objetivo de disuadir delitos, aprehender a quienes presenten ordenes de detenci\u00f3n pendiente, y para brindar mayor seguridad en los espacios de recreaci\u00f3n, considerando el retorno de las familias a sus hogares luego del t\u00e9rmino del periodo estival.<\/p>\n\n\n\n<p>Lider\u00f3 la instancia el intendente Jos\u00e9 Fern\u00e1ndez D\u00fcbrock, y cont\u00f3 con la participaci\u00f3n del gobernador de Magallanes, Homero Villegas; del alcalde de Punta Arenas, Claudio Radonich; de la coordinadora regional de Seguridad P\u00fablica, Jennifer Rojas, del jefe de la XII Zona de Carabineros, general Roberto Machuca, de la seremi de la Mujer y Equidad de G\u00e9nero, Patricia Mackenney y de la seremi de Educaci\u00f3n (s), Beatriz S\u00e1nchez.<\/p>\n\n\n\n<p>La primera autoridad de la regi\u00f3n enfatiz\u00f3 que la seguridad p\u00fablica es una de las principales preocupaciones y ocupaciones del gobierno, por ello una de las medidas que se ha implementado son estos operativos masivos, donde la presencia policial se refuerza con el prop\u00f3sito de reducir el espacio de acci\u00f3n de los delincuentes y disuadir su actuar. \u201cEstamos con una parte de carabineros que est\u00e1 trabajando en estas rondas preventivas, que es una funci\u00f3n especial, y como gobierno los estamos apoyando porque la seguridad p\u00fablica es una prioridad\u201d, afirm\u00f3 el intendente Fern\u00e1ndez D\u00fcbrock.<\/p>\n\n\n\n<p>El general Machuca afirm\u00f3 que con estos operativos \u201cvamos a sacar a los malos de la calle, y mejorar la percepci\u00f3n de seguridad de nuestros compatriotas, de eso de trata, estas rondas tienen este efecto y la gente lo valora y lo pide, por lo tanto lo vamos a seguir repitiendo\u201d, advirti\u00f3, expresando que \u201ctransversalmente, la opini\u00f3n p\u00fablica, nadie rechaza o cuestiona este tipo de servicios, por el contrario, se pide m\u00e1s fiscalizaci\u00f3n y eso es lo que estamos realizando\u201d, subray\u00f3.<\/p>\n\n\n\n<p>En tanto, la coordinadora regional de Seguridad P\u00fablica, Jennifer Rojas manifest\u00f3 que dado el regreso de los ni\u00f1os a clases, las familias vuelve a utilizar los espacios p\u00fablicos, retoman sus rutinas y, en ese sentido, este operativo y el trabajo de carabineros tambi\u00e9n se reforzar\u00e1 en los sectores de mayor presencia de la comunidad.<\/p>\n\n\n\n<p>\u201cEstamos cerrando el ciclo de vacaciones, la mayor\u00eda de los magall\u00e1nicos est\u00e1n volviendo a la zona y, en ese sentido, queremos hacer el llamado a que se siga disfrutando y visitando los lugares de esparcimiento, como el parque Mar\u00eda Behety, porque Carabineros va a estar pendiente de la seguridad de todos los magall\u00e1nicos\u201d, inform\u00f3 la autoridad.<\/p>\n\n\n\n<p>Esta ronda concluye el d\u00eda domingo, y se proyectan nuevos operativos extraordinarios, donde se fiscalizan a conductores de veh\u00edculos, locales comerciales, se efect\u00faan controles de identidad, entre otras acciones en pos de la seguridad de los habitantes de la regi\u00f3n.\u00a0<\/p>\n\n\n\n<figure class=\"wp-block-image\"><img loading=\"lazy\" decoding=\"async\" width=\"1024\" height=\"683\" src=\"http:\/\/www.radiopresidenteibanez.cl\/web\/wp-content\/uploads\/2019\/03\/Foto-2-1024x683.jpg\" alt=\"\" class=\"wp-image-1781\" srcset=\"https:\/\/www.radiopresidenteibanez.cl\/web\/wp-content\/uploads\/2019\/03\/Foto-2-1024x683.jpg 1024w, https:\/\/www.radiopresidenteibanez.cl\/web\/wp-content\/uploads\/2019\/03\/Foto-2-300x200.jpg 300w, https:\/\/www.radiopresidenteibanez.cl\/web\/wp-content\/uploads\/2019\/03\/Foto-2-768x512.jpg 768w, https:\/\/www.radiopresidenteibanez.cl\/web\/wp-content\/uploads\/2019\/03\/Foto-2.jpg 1280w\" sizes=\"auto, (max-width: 1024px) 100vw, 1024px\" \/><\/figure>\n","protected":false},"excerpt":{"rendered":"<p>En el parque Mar\u00eda Behety, Carabineros realiz\u00f3 hoy la presentaci\u00f3n de un nuevo operativo preventivo que inici\u00f3 ayer viernes, con el objetivo de disuadir delitos, aprehender a quienes presenten ordenes&#8230; <a class=\"read-more\" href=\"https:\/\/www.radiopresidenteibanez.cl\/web\/carabineros-refuerza-la-seguridad-de-la-region-con-servicio-extraordinario\/\">Leer m\u00e1s<\/a><\/p>\n","protected":false},"author":2,"featured_media":1781,"comment_status":"closed","ping_status":"closed","sticky":false,"template":"","format":"standard","meta":{"footnotes":""},"categories":[1],"tags":[],"class_list":["post-1780","post","type-post","status-publish","format-standard","has-post-thumbnail","hentry","category-cronica"],"_links":{"self":[{"href":"https:\/\/www.radiopresidenteibanez.cl\/web\/wp-json\/wp\/v2\/posts\/1780","targetHints":{"allow":["GET"]}}],"collection":[{"href":"https:\/\/www.radiopresidenteibanez.cl\/web\/wp-json\/wp\/v2\/posts"}],"about":[{"href":"https:\/\/www.radiopresidenteibanez.cl\/web\/wp-json\/wp\/v2\/types\/post"}],"author":[{"embeddable":true,"href":"https:\/\/www.radiopresidenteibanez.cl\/web\/wp-json\/wp\/v2\/users\/2"}],"replies":[{"embeddable":true,"href":"https:\/\/www.radiopresidenteibanez.cl\/web\/wp-json\/wp\/v2\/comments?post=1780"}],"version-history":[{"count":0,"href":"https:\/\/www.radiopresidenteibanez.cl\/web\/wp-json\/wp\/v2\/posts\/1780\/revisions"}],"wp:featuredmedia":[{"embeddable":true,"href":"https:\/\/www.radiopresidenteibanez.cl\/web\/wp-json\/wp\/v2\/media\/1781"}],"wp:attachment":[{"href":"https:\/\/www.radiopresidenteibanez.cl\/web\/wp-json\/wp\/v2\/media?parent=1780"}],"wp:term":[{"taxonomy":"category","embeddable":true,"href":"https:\/\/www.radiopresidenteibanez.cl\/web\/wp-json\/wp\/v2\/categories?post=1780"},{"taxonomy":"post_tag","embeddable":true,"href":"https:\/\/www.radiopresidenteibanez.cl\/web\/wp-json\/wp\/v2\/tags?post=1780"}],"curies":[{"name":"wp","href":"https:\/\/api.w.org\/{rel}","templated":true}]}}