{"id":17781,"date":"2021-01-15T03:45:00","date_gmt":"2021-01-15T03:45:00","guid":{"rendered":"https:\/\/www.radiopresidenteibanez.cl\/web\/?p=17781"},"modified":"2021-01-14T19:12:02","modified_gmt":"2021-01-14T19:12:02","slug":"165-trabajadores-de-la-salud-uci-uti-reciben-2o-dosis-de-vacuna-contra-covid-19-en-magallanes","status":"publish","type":"post","link":"https:\/\/www.radiopresidenteibanez.cl\/web\/165-trabajadores-de-la-salud-uci-uti-reciben-2o-dosis-de-vacuna-contra-covid-19-en-magallanes\/","title":{"rendered":"165 TRABAJADORES DE LA SALUD UCI\/UTI RECIBEN 2\u00ba DOSIS DE VACUNA CONTRA COVID-19 EN MAGALLANES"},"content":{"rendered":"\n<p>En el Hospital Cl\u00ednico de Magallanes\nse realiz\u00f3 la actividad de administraci\u00f3n de la segunda dosis de la vacuna\ncontra el Covid-19 para los tres funcionarios que iniciaron este proceso en la\nregi\u00f3n el pasado 25 de diciembre. Se trata de la TENS Vanesa Santib\u00e1\u00f1ez, el Dr.\nMarcelo Montaner y la TENS Cristina Gonz\u00e1lez. <\/p>\n\n\n\n<p>Ellos forman parte de los 165\nfuncionarios de UCI y UTI de la regi\u00f3n que recibieron la segunda dosis de esta\nvacuna, de acuerdo con el siguiente detalle: 115 del Hospital Cl\u00ednico de Magallanes, 20 del Hospital de Puerto Natales, 20 de Cl\u00ednica\nRed Salud Magallanes y 10 de Hospital de las FF.AA. Con esta segunda dosis,\nestos funcionarios completan su esquema de vacunaci\u00f3n.<\/p>\n\n\n\n<p>El SEREMI de Salud (S), Eduardo\nCastillo, explic\u00f3: \u201cEs el inicio del proceso de vacunaci\u00f3n que se va a extender\npor los pr\u00f3ximos seis meses en el resto del pa\u00eds y la regi\u00f3n. Lo que a\ncontinuaci\u00f3n viene es la vacunaci\u00f3n del resto de personal de salud, tanto de\natenci\u00f3n primaria y secundaria, adultos mayores institucionalizados, es decir,\nlos que se encuentran en Eleam junto con los funcionarios que trabajan en estos\nlugares, el resto de los adultos mayores, pacientes cr\u00f3nicos e instituciones\nque trabajan en la lucha con la pandemia. La propuesta es tener 15 millones de\npersonas vacunadas de aqu\u00ed a junio. Queremos invitar a todos a hacer un acto\nsolidario y participar de los procesos de vacunaci\u00f3n. No solo significan la\nprotecci\u00f3n de s\u00ed mismo y del entorno y la familia, sino la b\u00fasqueda de una\nprotecci\u00f3n comunitario. Agradecemos especialmente en estos tres funcionarios,\nel trabajo incansable que ha tenido todo el personal de salud. Invitamos a la\nconciencia de la comunidad, pensando en ellos en el esfuerzo que han hecho\nellos y sus familias, a mantener las medidas de autocuidado y prevenci\u00f3n\u201d.<\/p>\n\n\n\n<p>En representaci\u00f3n de la Intendenta de\nMagallanes, la SEREMI de Gobierno, Alejandra Mu\u00f1oz, manifest\u00f3 que \u201cestamos muy\nsatisfechos de poder participar en esta instancia en la cual se termina un\nproceso. Los primeros funcionarios que fueron vacunados hoy reciben su segunda\ndosis. Esperando que gracias a los convenios realizados por el Gobierno del Presidente\nSebasti\u00e1n Pi\u00f1era todas las dosis de vacunas comprometidas lleguen a la regi\u00f3n.\nTenemos compromisos con Pfizer y otros laboratorios para que toda la poblaci\u00f3n\nmagall\u00e1nica este asegurado en este proceso de vacunaci\u00f3n. Llamar a la\nsolidaridad y generosidad. A ser part\u00edcipe de este proceso cuando comience, es\nvoluntario y gratuito para la poblaci\u00f3n objetivo. Por lo tanto, necesitamos que\nla mayor parte de esta poblaci\u00f3n sea garante de este proceso y que participe\nactivamente para que podamos prevenir la expansi\u00f3n de esta pandemia\u201d.<\/p>\n\n\n\n<p>A su vez, el Director del Servicio de\nSalud Magallanes, Nelson Reyes, explic\u00f3 que \u201cesta segunda dosis es el\ncomplemento de la primera vacunaci\u00f3n que se hizo el 25 de diciembre a todos los\nfuncionarios de la Unidad de Pacientes Cr\u00edticos, UCI y UTI, tanto del Hospital\nCl\u00ednico de Punta Arenas, como para el Hospital de Natales, m\u00e1s el Hospital\nNaval y la Cl\u00ednica Magallanes, esto nos permite completar el ciclo y nos da el\npase para iniciar la segunda fase, que involucra la llegada de m\u00e1s vacunas para\ncontinuar con la vacunaci\u00f3n de los funcionarios de salud, tanto de atenci\u00f3n\nsecundaria de los hospitales como primaria. As\u00ed que es un gran trabajo que con\neste hito estamos iniciando\u201d.<\/p>\n\n\n\n<p>La primera persona inoculada en la\nregi\u00f3n con la vacuna contra el Covid-19, la TENS del Hospital Cl\u00ednico de\nMagallanes, Vanesa Santib\u00e1\u00f1ez, indic\u00f3 que \u201cel mensaje que le doy a las personas\nes que no tengan miedo y que se vacunen, as\u00ed nos pueden ayudar a nosotros que\nhemos dado una larga lucha contra la pandemia, todos los funcionarios de salud,\ne igual estamos cansados. A la vez, nos da pena ver cuanta gente sigue llegando\ncon Covid. Me sent\u00ed orgullosa de poder representar a mis compa\u00f1eros en ser la\nprimera vacunada\u201d. &nbsp;<\/p>\n\n\n\n<p>En tanto, el Dr. Marcelo Montaner\nmanifest\u00f3: \u201cEstamos esperanzados con esta inmunizaci\u00f3n. B\u00e1sicamente el tiempo\nque nos queda es regresivo y debemos tener paciencia como poblaci\u00f3n. Vemos el\nresultado de las fiestas de fin de a\u00f1o nosotros en la UCI, lo palpamos de cerca\nesta semana. Hay un alza sostenida de ingresos de pacientes Covid y una escasez\nde camas a nivel nacional, no solo ac\u00e1. Es una situaci\u00f3n que nuevamente nos\ntiene en alerta, por lo que es importante que la poblaci\u00f3n no baje la guardia.\nEstamos en la fase final antes de la inmunizaci\u00f3n y estos meses son de mayor cuidado\nque antes. Se vislumbra un alza importante a nivel nacional, por lo que es\nimportante que estemos unidos y cuid\u00e1ndonos\u201d.<\/p>\n\n\n\n<p>La TENS Cristina Gonz\u00e1lez, dijo que \u201del\nllamado a la comunidad es a seguir con las medidas preventivas, porque hemos\ntenido un alza notable en los pacientes hospitalizados. Y el desgaste f\u00edsico y\npsicol\u00f3gico para nosotros ha sido mucho. Entonces los llamamos a que se cuiden\ny que cuando empiece la campa\u00f1a de vacunaci\u00f3n participen de ella para que sea\nuna ayuda para nosotros, ya que es la \u00fanica esperanza que tenemos para terminar\ncon la pandemia\u201d. <\/p>\n\n\n\n<p>Todo el proceso de log\u00edstica y\npreparaci\u00f3n fue llevado a cabo por funcionarios de la Seremi de Salud\nMagallanes, con vasta experiencia en el PNI (Programa Nacional de\nInmunizaciones) quienes estuvieron a cargo del traslado, mantenimiento y\nalmacenamiento, supervisando tambi\u00e9n la aplicaci\u00f3n de la vacuna y el posterior\nseguimiento a las personas inoculadas. Y se cont\u00f3 tambi\u00e9n con el importante\napoyo de los equipos de los respectivos centros de salud.<\/p>\n","protected":false},"excerpt":{"rendered":"<p>En el Hospital Cl\u00ednico de Magallanes se realiz\u00f3 la actividad de administraci\u00f3n de la segunda dosis de la vacuna contra el Covid-19 para los tres funcionarios que iniciaron este proceso&#8230; <a class=\"read-more\" href=\"https:\/\/www.radiopresidenteibanez.cl\/web\/165-trabajadores-de-la-salud-uci-uti-reciben-2o-dosis-de-vacuna-contra-covid-19-en-magallanes\/\">Leer m\u00e1s<\/a><\/p>\n","protected":false},"author":2,"featured_media":17782,"comment_status":"closed","ping_status":"closed","sticky":false,"template":"","format":"standard","meta":{"footnotes":""},"categories":[1],"tags":[],"class_list":["post-17781","post","type-post","status-publish","format-standard","has-post-thumbnail","hentry","category-cronica"],"_links":{"self":[{"href":"https:\/\/www.radiopresidenteibanez.cl\/web\/wp-json\/wp\/v2\/posts\/17781","targetHints":{"allow":["GET"]}}],"collection":[{"href":"https:\/\/www.radiopresidenteibanez.cl\/web\/wp-json\/wp\/v2\/posts"}],"about":[{"href":"https:\/\/www.radiopresidenteibanez.cl\/web\/wp-json\/wp\/v2\/types\/post"}],"author":[{"embeddable":true,"href":"https:\/\/www.radiopresidenteibanez.cl\/web\/wp-json\/wp\/v2\/users\/2"}],"replies":[{"embeddable":true,"href":"https:\/\/www.radiopresidenteibanez.cl\/web\/wp-json\/wp\/v2\/comments?post=17781"}],"version-history":[{"count":0,"href":"https:\/\/www.radiopresidenteibanez.cl\/web\/wp-json\/wp\/v2\/posts\/17781\/revisions"}],"wp:featuredmedia":[{"embeddable":true,"href":"https:\/\/www.radiopresidenteibanez.cl\/web\/wp-json\/wp\/v2\/media\/17782"}],"wp:attachment":[{"href":"https:\/\/www.radiopresidenteibanez.cl\/web\/wp-json\/wp\/v2\/media?parent=17781"}],"wp:term":[{"taxonomy":"category","embeddable":true,"href":"https:\/\/www.radiopresidenteibanez.cl\/web\/wp-json\/wp\/v2\/categories?post=17781"},{"taxonomy":"post_tag","embeddable":true,"href":"https:\/\/www.radiopresidenteibanez.cl\/web\/wp-json\/wp\/v2\/tags?post=17781"}],"curies":[{"name":"wp","href":"https:\/\/api.w.org\/{rel}","templated":true}]}}