{"id":1778,"date":"2019-03-02T20:49:36","date_gmt":"2019-03-02T20:49:36","guid":{"rendered":"http:\/\/www.radiopresidenteibanez.cl\/web\/?p=1778"},"modified":"2019-03-02T20:49:59","modified_gmt":"2019-03-02T20:49:59","slug":"expogama-hasta-las-22-horas-tendra-sus-puertas-abiertas-este-sabado","status":"publish","type":"post","link":"https:\/\/www.radiopresidenteibanez.cl\/web\/expogama-hasta-las-22-horas-tendra-sus-puertas-abiertas-este-sabado\/","title":{"rendered":"EXPOGAMA HASTA LAS 22 HORAS TENDR\u00c1 SUS PUERTAS ABIERTAS ESTE S\u00c1BADO"},"content":{"rendered":"\n<p>Las buenas condiciones\nclim\u00e1ticas han permitido a los organizadores ampliar el horario de la EXPOGAMA\n2019. Hasta las 22 horas la comunidad podr\u00e1 disfrutar de esta fiesta de la\nganader\u00eda local. <\/p>\n\n\n\n<p>Quienes no alcancen a\ndisfrutar de los diversos atractivos hoy s\u00e1bado pueden acercarse ma\u00f1ana domingo\n2 de marzo, el programa considera la ceremonia de premiaci\u00f3n con la\nparticipaci\u00f3n del ministro de Agricultura, Antonio Walker Prieto.<\/p>\n\n\n\n<p>Durante la tarde se realizar\u00e1 una\nmuestra de perros adiestrados por la PDI y concurso de mascotas, junto con la\npremiaci\u00f3n de los diversos campeones.<\/p>\n\n\n\n<p>El valor de la entrada para la\nferia es de 2500 pesos y los ni\u00f1os (menores de 12 a\u00f1os) y adultos mayores\ningresan gratis. Uno de los principales cambios de esta versi\u00f3n es que el\nacceso es por avenida Bulnes, para brindar comodidad a los asistentes y a los\nvecinos del sector.<\/p>\n","protected":false},"excerpt":{"rendered":"<p>Las buenas condiciones clim\u00e1ticas han permitido a los organizadores ampliar el horario de la EXPOGAMA 2019. Hasta las 22 horas la comunidad podr\u00e1 disfrutar de esta fiesta de la ganader\u00eda&#8230; <a class=\"read-more\" href=\"https:\/\/www.radiopresidenteibanez.cl\/web\/expogama-hasta-las-22-horas-tendra-sus-puertas-abiertas-este-sabado\/\">Leer m\u00e1s<\/a><\/p>\n","protected":false},"author":2,"featured_media":1765,"comment_status":"closed","ping_status":"closed","sticky":false,"template":"","format":"standard","meta":{"footnotes":""},"categories":[1],"tags":[],"class_list":["post-1778","post","type-post","status-publish","format-standard","has-post-thumbnail","hentry","category-cronica"],"_links":{"self":[{"href":"https:\/\/www.radiopresidenteibanez.cl\/web\/wp-json\/wp\/v2\/posts\/1778","targetHints":{"allow":["GET"]}}],"collection":[{"href":"https:\/\/www.radiopresidenteibanez.cl\/web\/wp-json\/wp\/v2\/posts"}],"about":[{"href":"https:\/\/www.radiopresidenteibanez.cl\/web\/wp-json\/wp\/v2\/types\/post"}],"author":[{"embeddable":true,"href":"https:\/\/www.radiopresidenteibanez.cl\/web\/wp-json\/wp\/v2\/users\/2"}],"replies":[{"embeddable":true,"href":"https:\/\/www.radiopresidenteibanez.cl\/web\/wp-json\/wp\/v2\/comments?post=1778"}],"version-history":[{"count":0,"href":"https:\/\/www.radiopresidenteibanez.cl\/web\/wp-json\/wp\/v2\/posts\/1778\/revisions"}],"wp:featuredmedia":[{"embeddable":true,"href":"https:\/\/www.radiopresidenteibanez.cl\/web\/wp-json\/wp\/v2\/media\/1765"}],"wp:attachment":[{"href":"https:\/\/www.radiopresidenteibanez.cl\/web\/wp-json\/wp\/v2\/media?parent=1778"}],"wp:term":[{"taxonomy":"category","embeddable":true,"href":"https:\/\/www.radiopresidenteibanez.cl\/web\/wp-json\/wp\/v2\/categories?post=1778"},{"taxonomy":"post_tag","embeddable":true,"href":"https:\/\/www.radiopresidenteibanez.cl\/web\/wp-json\/wp\/v2\/tags?post=1778"}],"curies":[{"name":"wp","href":"https:\/\/api.w.org\/{rel}","templated":true}]}}