{"id":1773,"date":"2019-03-02T20:43:36","date_gmt":"2019-03-02T20:43:36","guid":{"rendered":"http:\/\/www.radiopresidenteibanez.cl\/web\/?p=1773"},"modified":"2019-03-02T20:44:20","modified_gmt":"2019-03-02T20:44:20","slug":"cien-remolinos-de-colores-dieron-vida-al-hito-que-compromete-a-magallanes-a-poner-a-los-ninos-primero-en-a-fila","status":"publish","type":"post","link":"https:\/\/www.radiopresidenteibanez.cl\/web\/cien-remolinos-de-colores-dieron-vida-al-hito-que-compromete-a-magallanes-a-poner-a-los-ninos-primero-en-a-fila\/","title":{"rendered":"CIEN REMOLINOS DE COLORES DIERON VIDA AL HITO QUE COMPROMETE A MAGALLANES A PONER A LOS NI\u00d1OS PRIMERO EN A FILA"},"content":{"rendered":"\n<p>Se realiz\u00f3 el hito simb\u00f3lico que refleja el compromiso regional con la ni\u00f1ez, con la especial presencia de quien lidera esta tem\u00e1tica a nivel nacional, la Subsecretaria de la Ni\u00f1ez, Carol Bown, quien junto al Intendente de Magallanes y diversas autoridades regionales, padres, ni\u00f1os y ni\u00f1as, dieron vida a una colorida ceremonia que represent\u00f3 la toma de conciencia de la comunidad para con los ni\u00f1os y ni\u00f1as.<\/p>\n\n\n\n<p>La idea es dejar en el consciente de las personas que los ni\u00f1os est\u00e1n primero, y no solo los m\u00e1s vulnerables, si no todos, que ya por ser ni\u00f1os lo son. Como adultos somos responsables de protegerlos de todo aquello que pueda vulnerarlos y afectar su desarrollo integral. El objetivo de promover esta tem\u00e1tica de ponerlos primero en la fila, es generar&nbsp; un especial compromiso con una de las prioridades del Gobierno, que es poner a los ni\u00f1os primero y relevar el rol de la familia.<\/p>\n\n\n\n<p>Ante esto, la Subsecretaria de la Ni\u00f1ez, Carol Bown indic\u00f3 \u201cestamos comprometi\u00e9ndonos a desarrollar una pol\u00edtica p\u00fablica distinta que ha sido aprobada transversalmente en nuestro acuerdo nacional por la infancia y desarrollarla en forma permanente, que sea un compromiso regional y que llegue a los lugares m\u00e1s apartados a todos nuestros ni\u00f1os\u201d.<\/p>\n\n\n\n<p>En esta oportunidad la autoridades dieron unas palabras y finalizaron con una fotograf\u00eda oficial y el acto de enterrar los cien remolinos de colores que se les hab\u00eda entregado a cada uno de los participantes de la actividad, los cuales representan en su constante movimiento&nbsp; provocado por el viento, el accionar de la Regi\u00f3n por trabajar en la promoci\u00f3n del desarrollo integral de todos los ni\u00f1os, ni\u00f1as y adolescentes de Magallanes.<\/p>\n\n\n\n<p>La Seremi de Desarrollo Social, qui\u00e9n organiz\u00f3 y convoc\u00f3 este hito de la mano de la ayuda t\u00e9cnica de la Municipalidad de Punta Arenas, Liz Casanueva expres\u00f3: \u201ccomo cartera de desarrollo social estamos muy contentos de que en la Regi\u00f3n, veamos muchas voluntades de poder trabajar y poner a los ni\u00f1os primero como nos dice nuestro Presidente Sebasti\u00e1n Pi\u00f1era, entonces estamos todos alineados para poder sacar adelante a infancia y adolescencia, en todo lo que tiene que ver con promoci\u00f3n y difusi\u00f3n de derechos de este grupo\u201d.<\/p>\n\n\n\n<p>El esp\u00edritu de este gran acuerdo busca siempre proteger la dignidad y derechos de todos los ni\u00f1os, ni\u00f1as y adolescentes que viven en este territorio. As\u00ed mismo, se busca relevar la importancia de las familias, en su rol protector insustituible.<\/p>\n","protected":false},"excerpt":{"rendered":"<p>Se realiz\u00f3 el hito simb\u00f3lico que refleja el compromiso regional con la ni\u00f1ez, con la especial presencia de quien lidera esta tem\u00e1tica a nivel nacional, la Subsecretaria de la Ni\u00f1ez,&#8230; <a class=\"read-more\" href=\"https:\/\/www.radiopresidenteibanez.cl\/web\/cien-remolinos-de-colores-dieron-vida-al-hito-que-compromete-a-magallanes-a-poner-a-los-ninos-primero-en-a-fila\/\">Leer m\u00e1s<\/a><\/p>\n","protected":false},"author":2,"featured_media":1774,"comment_status":"closed","ping_status":"closed","sticky":false,"template":"","format":"standard","meta":{"footnotes":""},"categories":[1],"tags":[],"class_list":["post-1773","post","type-post","status-publish","format-standard","has-post-thumbnail","hentry","category-cronica"],"_links":{"self":[{"href":"https:\/\/www.radiopresidenteibanez.cl\/web\/wp-json\/wp\/v2\/posts\/1773","targetHints":{"allow":["GET"]}}],"collection":[{"href":"https:\/\/www.radiopresidenteibanez.cl\/web\/wp-json\/wp\/v2\/posts"}],"about":[{"href":"https:\/\/www.radiopresidenteibanez.cl\/web\/wp-json\/wp\/v2\/types\/post"}],"author":[{"embeddable":true,"href":"https:\/\/www.radiopresidenteibanez.cl\/web\/wp-json\/wp\/v2\/users\/2"}],"replies":[{"embeddable":true,"href":"https:\/\/www.radiopresidenteibanez.cl\/web\/wp-json\/wp\/v2\/comments?post=1773"}],"version-history":[{"count":0,"href":"https:\/\/www.radiopresidenteibanez.cl\/web\/wp-json\/wp\/v2\/posts\/1773\/revisions"}],"wp:featuredmedia":[{"embeddable":true,"href":"https:\/\/www.radiopresidenteibanez.cl\/web\/wp-json\/wp\/v2\/media\/1774"}],"wp:attachment":[{"href":"https:\/\/www.radiopresidenteibanez.cl\/web\/wp-json\/wp\/v2\/media?parent=1773"}],"wp:term":[{"taxonomy":"category","embeddable":true,"href":"https:\/\/www.radiopresidenteibanez.cl\/web\/wp-json\/wp\/v2\/categories?post=1773"},{"taxonomy":"post_tag","embeddable":true,"href":"https:\/\/www.radiopresidenteibanez.cl\/web\/wp-json\/wp\/v2\/tags?post=1773"}],"curies":[{"name":"wp","href":"https:\/\/api.w.org\/{rel}","templated":true}]}}