{"id":17725,"date":"2021-01-14T17:45:24","date_gmt":"2021-01-14T17:45:24","guid":{"rendered":"https:\/\/www.radiopresidenteibanez.cl\/web\/?p=17725"},"modified":"2021-01-14T17:45:28","modified_gmt":"2021-01-14T17:45:28","slug":"serviu-y-servicio-medico-legal-informaron-mantencion-de-accesos-a-esta-reparticion-publica-mientras-se-efectua-reposicion-de-calzada","status":"publish","type":"post","link":"https:\/\/www.radiopresidenteibanez.cl\/web\/serviu-y-servicio-medico-legal-informaron-mantencion-de-accesos-a-esta-reparticion-publica-mientras-se-efectua-reposicion-de-calzada\/","title":{"rendered":"SERVIU Y SERVICIO M\u00c9DICO LEGAL INFORMARON MANTENCI\u00d3N DE ACCESOS A ESTA REPARTICI\u00d3N P\u00daBLICA MIENTRAS SE EFECT\u00daA REPOSICI\u00d3N DE CALZADA"},"content":{"rendered":"\n<p>Esta semana se inici\u00f3 la demolici\u00f3n del tramo de calle\nLautaro Navarro que limita con calle Jos\u00e9 Miguel Carrera. En dicho sector, se\nubican el Servicio M\u00e9dico Legal, un ingreso posterior al Cementerio Municipal\nSara Braun y la entrada al estadio Ram\u00f3n Ca\u00f1as Montalva. Por ello, este\nmi\u00e9rcoles, el Director Regional (S) del Serviu, Omar Gonz\u00e1lez Asenjo y el Director\nRegional del Servicio M\u00e9dico legal, Ren\u00e9 Castro Cid, informaron a la\nciudadan\u00eda, la mantenci\u00f3n de un acceso para veh\u00edculos institucionales, de\nGendarmer\u00eda y empresas funerarias al recinto dependiente del Ministerio de\nJusticia, mientras duren las faenas.<\/p>\n\n\n\n<p>Los trabajos se desarrollan en el marco de la ejecuci\u00f3n de\nun proyecto de conservaci\u00f3n de la red vial y espacios p\u00fablicos del sector\ncentro de Punta Arenas, iniciativa que cuenta con una inversi\u00f3n sectorial del\nMINVU superior a los 660 millones de pesos, adjudicada a la empresa Desarrollos\nConstructivos Axis. La iniciativa consiste en la reposici\u00f3n de 5 mil metros\ncuadrados de calzadas en el sector centro y norte de la ciudad, adem\u00e1s de la\nreposici\u00f3n de aceras, sumideros de aguas lluvias, luminarias, se\u00f1al\u00e9ticas y\nmobiliario urbano en algunas de las \u00e1reas de intervenci\u00f3n.<\/p>\n\n\n\n<p>A la fecha, se efect\u00faan trabajos en las intersecciones de\ncalle Carlos Bories con Sarmiento, Mejicana e Ignacio Carrera Pinto; Avenida\nBulnes frente al acceso de la Universidad de Magallanes; Avenida Bulnes oriente\ny poniente entre las calles Enrique Abello y Manantiales; calle Manuel Se\u00f1oret\nentre Av. Col\u00f3n costado Sur y Jos\u00e9 Men\u00e9ndez; y Calle Lautaro Navarro entre Jos\u00e9\nMiguel Carrera y Angamos.<\/p>\n\n\n\n<p>Respecto a la intervenci\u00f3n iniciada esta semana, el Director\nRegional (S) del Serviu, Omar Gonz\u00e1lez Asenjo inform\u00f3 \u201cEstamos dando inicio a\nlas obras de reposici\u00f3n de calzadas de un tramo de calle Lautaro Navarro donde\nfunciona un Servicio que es fundamental para la Regi\u00f3n y para la ciudadan\u00eda y\nnuestro inter\u00e9s es que no tengan problema en sus v\u00edas de acceso y salida y\nsigan funcionando normalmente como lo han hecho hasta ahora. Sin embargo, era\nmuy necesario reponer estas calzadas porque el estado era deplorable, as\u00ed que\neste es un proyecto que va a ayudar a mejorar un sector donde mucha gente\ntransita en el centro de la ciudad\u201d, precis\u00f3.<\/p>\n\n\n\n<p>Los cortes de tr\u00e1nsito autorizados, abarcan calle Lautaro\nNavarro, entre Jos\u00e9 Miguel Carrera y Angamos y calle Jos\u00e9 Miguel Carrera, entre\nO\u2019Higgins y Lautaro Navarro. El Director Regional del Servicio M\u00e9dico Legal,\nRen\u00e9 Castro Cid se\u00f1al\u00f3 que durante este periodo \u201cSe ha dispuesto el ingreso de\nveh\u00edculos institucionales que se encargan de traer personas fallecidas a\nnuestro servicio para realizarles peritajes tanatol\u00f3gicos, as\u00ed como de las\nempresas funerarias contratadas por las familias de las personas malogradas\npara que puedan retirar a sus seres queridos para su inhumaci\u00f3n en su \u00faltima\nmorada. De igual forma podr\u00e1n ingresar los veh\u00edculos de Gendarmer\u00eda que traen\npersonas privadas de libertad a realizarse peritajes de lesiones, sexol\u00f3gicos,\nde salud mental y toma de muestras\u201d.<\/p>\n\n\n\n<p>La autoridad agreg\u00f3 que su repartici\u00f3n es un Servicio\nesencial \u201cpor lo tanto no hemos detenido nuestra actividad durante todo este\ntiempo de contingencia, es por eso que la atenci\u00f3n de los usuarios va a seguir\nrealiz\u00e1ndose. Las personas particulares que vengan citadas a hacerse peritajes\nde sesiones, salud mental o toma de muestras, van a poder ingresar de manera\npeatonal a nuestro Servicio ya que las aceras no ser\u00e1n intervenidas\u201d. Los\nveh\u00edculos particulares no podr\u00e1n estacionarse en Lautaro Navarro, debiendo\nubicarse en las calles aleda\u00f1as.<\/p>\n","protected":false},"excerpt":{"rendered":"<p>Esta semana se inici\u00f3 la demolici\u00f3n del tramo de calle Lautaro Navarro que limita con calle Jos\u00e9 Miguel Carrera. En dicho sector, se ubican el Servicio M\u00e9dico Legal, un ingreso&#8230; <a class=\"read-more\" href=\"https:\/\/www.radiopresidenteibanez.cl\/web\/serviu-y-servicio-medico-legal-informaron-mantencion-de-accesos-a-esta-reparticion-publica-mientras-se-efectua-reposicion-de-calzada\/\">Leer m\u00e1s<\/a><\/p>\n","protected":false},"author":2,"featured_media":17726,"comment_status":"closed","ping_status":"closed","sticky":false,"template":"","format":"standard","meta":{"footnotes":""},"categories":[1],"tags":[],"class_list":["post-17725","post","type-post","status-publish","format-standard","has-post-thumbnail","hentry","category-cronica"],"_links":{"self":[{"href":"https:\/\/www.radiopresidenteibanez.cl\/web\/wp-json\/wp\/v2\/posts\/17725","targetHints":{"allow":["GET"]}}],"collection":[{"href":"https:\/\/www.radiopresidenteibanez.cl\/web\/wp-json\/wp\/v2\/posts"}],"about":[{"href":"https:\/\/www.radiopresidenteibanez.cl\/web\/wp-json\/wp\/v2\/types\/post"}],"author":[{"embeddable":true,"href":"https:\/\/www.radiopresidenteibanez.cl\/web\/wp-json\/wp\/v2\/users\/2"}],"replies":[{"embeddable":true,"href":"https:\/\/www.radiopresidenteibanez.cl\/web\/wp-json\/wp\/v2\/comments?post=17725"}],"version-history":[{"count":0,"href":"https:\/\/www.radiopresidenteibanez.cl\/web\/wp-json\/wp\/v2\/posts\/17725\/revisions"}],"wp:featuredmedia":[{"embeddable":true,"href":"https:\/\/www.radiopresidenteibanez.cl\/web\/wp-json\/wp\/v2\/media\/17726"}],"wp:attachment":[{"href":"https:\/\/www.radiopresidenteibanez.cl\/web\/wp-json\/wp\/v2\/media?parent=17725"}],"wp:term":[{"taxonomy":"category","embeddable":true,"href":"https:\/\/www.radiopresidenteibanez.cl\/web\/wp-json\/wp\/v2\/categories?post=17725"},{"taxonomy":"post_tag","embeddable":true,"href":"https:\/\/www.radiopresidenteibanez.cl\/web\/wp-json\/wp\/v2\/tags?post=17725"}],"curies":[{"name":"wp","href":"https:\/\/api.w.org\/{rel}","templated":true}]}}