{"id":17722,"date":"2021-01-14T17:41:57","date_gmt":"2021-01-14T17:41:57","guid":{"rendered":"https:\/\/www.radiopresidenteibanez.cl\/web\/?p=17722"},"modified":"2021-01-14T17:42:03","modified_gmt":"2021-01-14T17:42:03","slug":"mtt-anuncia-ampliacion-de-los-servicios-moviles-y-fijos-de-alta-velocidad-en-magallanes-gracias-al-foa","status":"publish","type":"post","link":"https:\/\/www.radiopresidenteibanez.cl\/web\/mtt-anuncia-ampliacion-de-los-servicios-moviles-y-fijos-de-alta-velocidad-en-magallanes-gracias-al-foa\/","title":{"rendered":"MTT ANUNCIA AMPLIACI\u00d3N DE LOS SERVICIOS M\u00d3VILES Y FIJOS DE ALTA VELOCIDAD EN MAGALLANES GRACIAS AL FOA"},"content":{"rendered":"\n<p>La Ministra de Transportes y Telecomunicaciones, Gloria Hutt y la Subsecretaria de Telecomunicaciones, Pamela Gidi, junto con la Intendenta de Magallanes, Jennifer Rojas y el Seremi de Transportes y Telecomunicaciones de Magallanes, Marco Mella, anunciaron el inicio de los servicios m\u00f3viles y fijos de alta velocidad en la ciudad de Punta Arenas. Esto, luego que las empresas de telecomunicaciones Claro, Entel y Movistar cerraran acuerdos con el operador CTR para ocupar la infraestructura de la \u201cTroncal Submarina\u201d de la Fibra \u00d3ptica Austral (FOA) y as\u00ed ampliar la conectividad digital tanto de los habitantes como de los sectores productivos de dicha regi\u00f3n.<\/p>\n\n\n\n<p>Desde comienzos de este Gobierno, el Ministerio de Transportes y Telecomunicaciones (MTT) ha buscado duplicar los kil\u00f3metros de fibra \u00f3ptica que hay en el pa\u00eds, pasando de 18.000 kil\u00f3metros que hay en la actualidad a 36.000 kil\u00f3metros en un periodo de cuatro a\u00f1os. Lo anterior, con el prop\u00f3sito de continuar entregando m\u00e1s y mejor conectividad a todos los ciudadanos, reduciendo as\u00ed la dolorosa brecha digital existente en Chile.<\/p>\n\n\n\n<p>En esta l\u00ednea, surge FOA, iniciativa que considera un subsidio estatal de $64.000 millones y contempla el despliegue de m\u00e1s de 4.500 kil\u00f3metros de tendido de fibra \u00f3ptica desde Puerto Montt hasta Puerto Williams mediante cuatro troncales que son la \u201cTroncal Terrestre Magallanes\u201d, la \u201cTroncal Submarina Austral\u201d, la \u201cTroncal Terrestre Los Lagos\u201d y la \u201cTroncal Terrestre Ays\u00e9n\u201d.<\/p>\n\n\n\n<p>\u201cEl proyecto de Fibra \u00d3ptica Austral permitir\u00e1 ampliar de manera sustancial la capacidad y calidad de los servicios fijos y m\u00f3viles a los que acceden los habitantes de Magallanes. Adem\u00e1s, este proyecto mejora la conectividad digital de nuestro pa\u00eds y acerca a los habitantes de las zonas extremas con todo el pa\u00eds\u201d, se\u00f1al\u00f3 la Ministra de Transportes y Telecomunicaciones, Gloria Hutt.<\/p>\n\n\n\n<p>A su vez, la Subsecretaria de Telecomunicaciones, Pamela Gidi, indic\u00f3 que \u201cestamos muy contentos porque finalmente el operador logr\u00f3 cerrar acuerdos con las empresas de telecomunicaciones para que se sumen a FOA, iniciativa que facilitar\u00e1 el transporte de datos a alta velocidad, permitiendo as\u00ed que los ciudadanos de la zona m\u00e1s austral de Chile puedan acceder a mejores servicios de telecomunicaciones, lo que posibilitar\u00e1 la realizaci\u00f3n de tr\u00e1mites en l\u00ednea, la postulaci\u00f3n a nuevas oportunidades laborales, el uso herramientas educativas digitales, la utilizaci\u00f3n de la Telemedicina y la comunicaci\u00f3n remota con sus seres queridos, entre otros. Esto es fundamental, sobre todo considerando la contingencia sanitaria que estamos viviendo hoy, la cual ha demostrado la importancia de la conectividad digital para mejorar la calidad de vida de las personas\u201d.<\/p>\n\n\n\n<p>Por su parte, la Intendenta de la Regi\u00f3n de Magallanes y de la Ant\u00e1rtica, Chilena Jennifer Rojas, sostuvo que \u201choy estamos frente a un gran hito para los vecinos de Punta Arenas: el inicio de los servicios m\u00f3viles y fijos de alta velocidad para los residentes de la comuna, que permitir\u00e1 que m\u00e1s de 124.000 personas sean beneficiadas con una mejora sustancial en la conectividad digital, lo que es fundamental para trabajar, estudiar, fortalecer la telemedicina, y realizar tr\u00e1mites en l\u00ednea, adem\u00e1s de seguir en contacto con nuestros seres queridos durante la contingencia sanitaria. Esto significa un avance muy importante que mejorar\u00e1 notoriamente la calidad de vida\u201d.<\/p>\n\n\n\n<p>En tanto, el SeremiTT de la regi\u00f3n, Marco Mella, se\u00f1al\u00f3 que \u201cFOA es un proyecto de car\u00e1cter intermedio, por lo que surge la necesidad de generar iniciativas orientadas a la prestaci\u00f3n de servicios hacia los usuarios. Por ello, nacen los denominados \u201cProyectos \u00daltima Milla\u201d, es decir, iniciativas que generan conectividad en las distintas localidades de cada regi\u00f3n, llegando directamente hacia los hogares\u201d.<\/p>\n\n\n\n<p>Finalmente, el gerente general de CTR, Patricio Morales, precis\u00f3 que \u201cestamos muy orgullosos del proyecto FOA, uno de los mas importantes desarrollados en el pa\u00eds, con tecnolog\u00eda y log\u00edstica de clase mundial, catalog\u00e1ndolo como un Mega Proyecto de Telecomunicaciones que demuestra la capacidad de desarrollo de las empresas nacionales. FOA abre las puertas al sur de Chile para interconectar grandes proyectos en el area de investigaci\u00f3n de cambio clim\u00e1tico, exploraci\u00f3n espacial, energ\u00eda renovables no convencionales como es el caso de hidr\u00f3geno verde y grandes data center de nivel internacional\u201d.<\/p>\n","protected":false},"excerpt":{"rendered":"<p>La Ministra de Transportes y Telecomunicaciones, Gloria Hutt y la Subsecretaria de Telecomunicaciones, Pamela Gidi, junto con la Intendenta de Magallanes, Jennifer Rojas y el Seremi de Transportes y Telecomunicaciones&#8230; <a class=\"read-more\" href=\"https:\/\/www.radiopresidenteibanez.cl\/web\/mtt-anuncia-ampliacion-de-los-servicios-moviles-y-fijos-de-alta-velocidad-en-magallanes-gracias-al-foa\/\">Leer m\u00e1s<\/a><\/p>\n","protected":false},"author":2,"featured_media":17723,"comment_status":"closed","ping_status":"closed","sticky":false,"template":"","format":"standard","meta":{"footnotes":""},"categories":[1],"tags":[],"class_list":["post-17722","post","type-post","status-publish","format-standard","has-post-thumbnail","hentry","category-cronica"],"_links":{"self":[{"href":"https:\/\/www.radiopresidenteibanez.cl\/web\/wp-json\/wp\/v2\/posts\/17722","targetHints":{"allow":["GET"]}}],"collection":[{"href":"https:\/\/www.radiopresidenteibanez.cl\/web\/wp-json\/wp\/v2\/posts"}],"about":[{"href":"https:\/\/www.radiopresidenteibanez.cl\/web\/wp-json\/wp\/v2\/types\/post"}],"author":[{"embeddable":true,"href":"https:\/\/www.radiopresidenteibanez.cl\/web\/wp-json\/wp\/v2\/users\/2"}],"replies":[{"embeddable":true,"href":"https:\/\/www.radiopresidenteibanez.cl\/web\/wp-json\/wp\/v2\/comments?post=17722"}],"version-history":[{"count":0,"href":"https:\/\/www.radiopresidenteibanez.cl\/web\/wp-json\/wp\/v2\/posts\/17722\/revisions"}],"wp:featuredmedia":[{"embeddable":true,"href":"https:\/\/www.radiopresidenteibanez.cl\/web\/wp-json\/wp\/v2\/media\/17723"}],"wp:attachment":[{"href":"https:\/\/www.radiopresidenteibanez.cl\/web\/wp-json\/wp\/v2\/media?parent=17722"}],"wp:term":[{"taxonomy":"category","embeddable":true,"href":"https:\/\/www.radiopresidenteibanez.cl\/web\/wp-json\/wp\/v2\/categories?post=17722"},{"taxonomy":"post_tag","embeddable":true,"href":"https:\/\/www.radiopresidenteibanez.cl\/web\/wp-json\/wp\/v2\/tags?post=17722"}],"curies":[{"name":"wp","href":"https:\/\/api.w.org\/{rel}","templated":true}]}}