{"id":17720,"date":"2021-01-13T14:06:14","date_gmt":"2021-01-13T14:06:14","guid":{"rendered":"https:\/\/www.radiopresidenteibanez.cl\/web\/?p=17720"},"modified":"2021-01-13T14:06:20","modified_gmt":"2021-01-13T14:06:20","slug":"diputada-amar-y-licencia-de-post-natal-ojala-que-el-gobierno-la-pueda-extender-o-entregue-un-bono-a-las-madres-con-hijos-de-hasta-dos-anos","status":"publish","type":"post","link":"https:\/\/www.radiopresidenteibanez.cl\/web\/diputada-amar-y-licencia-de-post-natal-ojala-que-el-gobierno-la-pueda-extender-o-entregue-un-bono-a-las-madres-con-hijos-de-hasta-dos-anos\/","title":{"rendered":"DIPUTADA AMAR Y LICENCIA DE POST NATAL: \u201cOJAL\u00c1 QUE EL GOBIERNO LA PUEDA EXTENDER O ENTREGUE UN BONO A LAS MADRES CON HIJOS DE HASTA DOS A\u00d1OS\u201d"},"content":{"rendered":"\n<p>Considerando el preocupante aumento de los casos de coronavirus a\nlo largo del pa\u00eds y en la Regi\u00f3n de Magallanes, la diputada Sandra Amar hizo un\nllamado al Gobierno a elaborar con urgencia una propuesta para extender el\npostnatal de emergencia, para as\u00ed permitir que las madres mantengan el cuidado\nde sus hijos evitando el exponerlos a eventuales contagios.<\/p>\n\n\n\n<p>Al respecto, la diputada Amar asegur\u00f3 que \u201ces urgente que el\nEjecutivo presente una alternativa para que miles de mujeres en el pa\u00eds puedan\nseguir cuidando a sus hijos, porque lamentablemente el proyecto que aprobamos\nel a\u00f1o pasado qued\u00f3 corto, y viendo c\u00f3mo est\u00e1 evolucionando la pandemia en el\npa\u00eds es indispensable ofrecer un nuevo apoyo a las madres\u201d.<\/p>\n\n\n\n<p>En esa l\u00ednea, Amar advirti\u00f3 que en los \u00faltimos meses muchas madres\n-a quienes se les ha vencido su licencia de postnatal- han tenido que decidir\nentre renunciar a sus trabajos o dejar a sus hijos en salas cunas y jardines\ninfantiles, con el riesgo de que puedan contagiarse. Por lo mismo, inst\u00f3 al\nGobierno a presentar un nuevo proyecto de ley en similares t\u00e9rminos al\nanterior, o a evaluar la entrega de un bono directo para los primeros meses del\na\u00f1o.<\/p>\n\n\n\n<p>Incluso, la parlamentaria asegur\u00f3 que \u201cestamos pensando que este\nbeneficio debiera ser mucho m\u00e1s amplio e incluir a todas las madres con hijos\nde hasta dos a\u00f1os, porque esta va a ser la \u00fanica manera de evitar que los m\u00e1s\npeque\u00f1os corran el riesgo de contagiarse\u201d.<\/p>\n\n\n\n<p>\u201cLa angustia que est\u00e1n viviendo miles de madres de nuestro pa\u00eds,\nen especial las de familias m\u00e1s vulnerables, es tremenda. Por eso estamos\nempujando para que exista una soluci\u00f3n r\u00e1pida y concreta, que puede ser una\nnueva licencia preventiva con cargo a las Isapres o Fonasa, o bien un bono\nsignificativo que le permita a las madres seguir cuidando y protegiendo a sus\nhijos\u201d, insisti\u00f3 la diputada Sandra Amar.<\/p>\n","protected":false},"excerpt":{"rendered":"<p>Considerando el preocupante aumento de los casos de coronavirus a lo largo del pa\u00eds y en la Regi\u00f3n de Magallanes, la diputada Sandra Amar hizo un llamado al Gobierno a&#8230; <a class=\"read-more\" href=\"https:\/\/www.radiopresidenteibanez.cl\/web\/diputada-amar-y-licencia-de-post-natal-ojala-que-el-gobierno-la-pueda-extender-o-entregue-un-bono-a-las-madres-con-hijos-de-hasta-dos-anos\/\">Leer m\u00e1s<\/a><\/p>\n","protected":false},"author":2,"featured_media":12256,"comment_status":"closed","ping_status":"closed","sticky":false,"template":"","format":"standard","meta":{"footnotes":""},"categories":[1],"tags":[],"class_list":["post-17720","post","type-post","status-publish","format-standard","has-post-thumbnail","hentry","category-cronica"],"_links":{"self":[{"href":"https:\/\/www.radiopresidenteibanez.cl\/web\/wp-json\/wp\/v2\/posts\/17720","targetHints":{"allow":["GET"]}}],"collection":[{"href":"https:\/\/www.radiopresidenteibanez.cl\/web\/wp-json\/wp\/v2\/posts"}],"about":[{"href":"https:\/\/www.radiopresidenteibanez.cl\/web\/wp-json\/wp\/v2\/types\/post"}],"author":[{"embeddable":true,"href":"https:\/\/www.radiopresidenteibanez.cl\/web\/wp-json\/wp\/v2\/users\/2"}],"replies":[{"embeddable":true,"href":"https:\/\/www.radiopresidenteibanez.cl\/web\/wp-json\/wp\/v2\/comments?post=17720"}],"version-history":[{"count":0,"href":"https:\/\/www.radiopresidenteibanez.cl\/web\/wp-json\/wp\/v2\/posts\/17720\/revisions"}],"wp:featuredmedia":[{"embeddable":true,"href":"https:\/\/www.radiopresidenteibanez.cl\/web\/wp-json\/wp\/v2\/media\/12256"}],"wp:attachment":[{"href":"https:\/\/www.radiopresidenteibanez.cl\/web\/wp-json\/wp\/v2\/media?parent=17720"}],"wp:term":[{"taxonomy":"category","embeddable":true,"href":"https:\/\/www.radiopresidenteibanez.cl\/web\/wp-json\/wp\/v2\/categories?post=17720"},{"taxonomy":"post_tag","embeddable":true,"href":"https:\/\/www.radiopresidenteibanez.cl\/web\/wp-json\/wp\/v2\/tags?post=17720"}],"curies":[{"name":"wp","href":"https:\/\/api.w.org\/{rel}","templated":true}]}}