{"id":17705,"date":"2021-01-13T03:30:00","date_gmt":"2021-01-13T03:30:00","guid":{"rendered":"https:\/\/www.radiopresidenteibanez.cl\/web\/?p=17705"},"modified":"2021-01-12T16:30:20","modified_gmt":"2021-01-12T16:30:20","slug":"core-magallanes-aprobo-4-339-millones-para-la-ejecucion-de-importantes-obras-en-punta-arenas-y-puerto-natales","status":"publish","type":"post","link":"https:\/\/www.radiopresidenteibanez.cl\/web\/core-magallanes-aprobo-4-339-millones-para-la-ejecucion-de-importantes-obras-en-punta-arenas-y-puerto-natales\/","title":{"rendered":"CORE MAGALLANES APROB\u00d3 4.339 MILLONES PARA LA EJECUCI\u00d3N DE IMPORTANTES OBRAS EN PUNTA ARENAS Y PUERTO NATALES"},"content":{"rendered":"\n<p>Con el objetivo de contribuir\na la activaci\u00f3n econ\u00f3mica y promover fuentes de trabajo, el Consejo Regional de\nMagallanes y de la Ant\u00e1rtica Chilena aprob\u00f3 este lunes un total de 4.339\nmillones 562 mil pesos para la ejecuci\u00f3n de importantes proyectos en las comunas\nde Punta Arenas y Puerto Natales.<\/p>\n\n\n\n<p>El primero de ellos\ncorresponde al \u201cMejoramiento de Plazoletas Sector Sur 2 Poniente, Punta\nArenas\u201d, por un monto de&nbsp; 2.492 millones\n648 mil pesos, esta iniciativa contempla \u00e1reas verdes y arboladas, m\u00f3dulos de\njuegos, mobiliario urbano con bancas y luminarias para cincuenta y dos plazas y\nel bandej\u00f3n central de Avenida Brasil entre calle Camilo Henr\u00edquez y Clotario\nBlest. &nbsp;El segundo es la \u201cConstrucci\u00f3n\nSal\u00f3n de Usos M\u00faltiples Junta de Vecinos N\u00b018, Punta Arenas\u201d, que representa una\ninversi\u00f3n de 720 millones 996 mil pesos y busca dar respuesta al d\u00e9ficit de\nespacios apropiados para el desarrollo de actividades recreativas, deportivas y\nculturales de los vecinos del Barrio 18 de Septiembre. El tercero favorece a la\ncomuna de Puerto Natales a trav\u00e9s del \u201cMejoramiento de Avenida Espa\u00f1a\u201d, por un\nmonto 1.125 millones 918 mil pesos, esta obra permitir\u00e1 la continuidad vial y\nsolucionar\u00e1 los problema de desplazamiento que hoy existen en el sector poniente.\n<\/p>\n\n\n\n<p>El presidente del CORE,\nTolentino Soto, valor\u00f3 el respaldo a estas iniciativas que a trav\u00e9s de su\nejecuci\u00f3n permitir\u00e1n dinamizar la econom\u00eda y fomentar la actividad laboral en\nel contexto de la pandemia, \u201cnuevamente el Consejo Regional ha actuado con\nmadurez, anticip\u00e1ndose y agilizando los procesos,&nbsp; logrando estar en sinton\u00eda con los sectores\nque hoy plantean proyectos y aprobando importantes recursos para infraestructura\nen toda la regi\u00f3n\u201d, detall\u00f3. <\/p>\n\n\n\n<p>Asimismo coment\u00f3 que para el \u201cMejoramiento\nde Avenida Espa\u00f1a en Puerto Natales\u201d, los consejeros solicitaron al ministerio\nde Vivienda y Urbanismo en su calidad de unidad t\u00e9cnica, mayor y mejor\nfiscalizaci\u00f3n, \u201cm\u00e1s aun considerando que&nbsp;\nla primera etapa que va entre Prolongaci\u00f3n Santiago Bueras y Avenida\n\u00daltima Esperanza ya se encuentra en muy malas condiciones y creemos que estas\niniciativas deber\u00edan tener un horizonte de al menos quince a\u00f1os\u201d, afirm\u00f3 el\nconsejero Soto. <\/p>\n\n\n\n<p>Por su parte, la consejera\nRoxana Gallardo, se refiri\u00f3 a la Construcci\u00f3n Sal\u00f3n de Usos M\u00faltiples Junta de\nVecinos N\u00b018, Punta Arenas, \u201ces un proyecto muy bonito y espero que sirva para\nlo que se construye, que es el servicio a la comunidad. Sabemos lo importante\nque son estos espacio comunes sobre todo para los adultos mayores, sin embargo\nme gustar\u00eda solicitar que ha futuro consideren c\u00e1maras de seguridad que\nidealmente tengan conexi\u00f3n con Carabineros ya que despu\u00e9s son los mismos\nvecinos quienes deben formular un nuevo proyecto para evitar los robos\u201d,\nafirm\u00f3.&nbsp; <\/p>\n\n\n\n<p>Cabe se\u00f1alar que en la\noportunidad fue postergada la sanci\u00f3n del proyecto \u201cMejoramiento Plazoleta Don\nBosco, Punta Arenas\u201d, ello en atenci\u00f3n a las inquietudes planteadas por los\nconsejeros quienes coincidieron al manifestar que se debe tener especial\ncuidado al intervenir esta plaza que constituye la postal de entrada a la\nciudad, por tanto solicitaron a la unidad t\u00e9cnica que es el municipio de Punta\nArenas, considerar los aportes y sugerencias en la propuesta final. <\/p>\n\n\n\n<p>Finalmente en esta primera\nsesi\u00f3n tambi\u00e9n fue sancionada la Propuesta de Distribuci\u00f3n del Fondo de\nInnovaci\u00f3n para la Competitividad (FIC-R) 2021, asignando un total de 1. 230\nmillones, de los cuales 861 millones ser\u00e1n destinados a Procesos Concursable y\n369 a Transferencias Directas. Los Consejeros consignaron en la moci\u00f3n que esta\ndistribuci\u00f3n \u201cpuede estar sujeta a modificaciones conforme a la aplicaci\u00f3n de\nmedidas sanitarias derivadas de la crisis del COVID-19\u201d.<\/p>\n","protected":false},"excerpt":{"rendered":"<p>Con el objetivo de contribuir a la activaci\u00f3n econ\u00f3mica y promover fuentes de trabajo, el Consejo Regional de Magallanes y de la Ant\u00e1rtica Chilena aprob\u00f3 este lunes un total de&#8230; <a class=\"read-more\" href=\"https:\/\/www.radiopresidenteibanez.cl\/web\/core-magallanes-aprobo-4-339-millones-para-la-ejecucion-de-importantes-obras-en-punta-arenas-y-puerto-natales\/\">Leer m\u00e1s<\/a><\/p>\n","protected":false},"author":2,"featured_media":17706,"comment_status":"closed","ping_status":"closed","sticky":false,"template":"","format":"standard","meta":{"footnotes":""},"categories":[1],"tags":[],"class_list":["post-17705","post","type-post","status-publish","format-standard","has-post-thumbnail","hentry","category-cronica"],"_links":{"self":[{"href":"https:\/\/www.radiopresidenteibanez.cl\/web\/wp-json\/wp\/v2\/posts\/17705","targetHints":{"allow":["GET"]}}],"collection":[{"href":"https:\/\/www.radiopresidenteibanez.cl\/web\/wp-json\/wp\/v2\/posts"}],"about":[{"href":"https:\/\/www.radiopresidenteibanez.cl\/web\/wp-json\/wp\/v2\/types\/post"}],"author":[{"embeddable":true,"href":"https:\/\/www.radiopresidenteibanez.cl\/web\/wp-json\/wp\/v2\/users\/2"}],"replies":[{"embeddable":true,"href":"https:\/\/www.radiopresidenteibanez.cl\/web\/wp-json\/wp\/v2\/comments?post=17705"}],"version-history":[{"count":0,"href":"https:\/\/www.radiopresidenteibanez.cl\/web\/wp-json\/wp\/v2\/posts\/17705\/revisions"}],"wp:featuredmedia":[{"embeddable":true,"href":"https:\/\/www.radiopresidenteibanez.cl\/web\/wp-json\/wp\/v2\/media\/17706"}],"wp:attachment":[{"href":"https:\/\/www.radiopresidenteibanez.cl\/web\/wp-json\/wp\/v2\/media?parent=17705"}],"wp:term":[{"taxonomy":"category","embeddable":true,"href":"https:\/\/www.radiopresidenteibanez.cl\/web\/wp-json\/wp\/v2\/categories?post=17705"},{"taxonomy":"post_tag","embeddable":true,"href":"https:\/\/www.radiopresidenteibanez.cl\/web\/wp-json\/wp\/v2\/tags?post=17705"}],"curies":[{"name":"wp","href":"https:\/\/api.w.org\/{rel}","templated":true}]}}