{"id":1770,"date":"2019-03-02T20:37:55","date_gmt":"2019-03-02T20:37:55","guid":{"rendered":"http:\/\/www.radiopresidenteibanez.cl\/web\/?p=1770"},"modified":"2019-03-02T20:38:14","modified_gmt":"2019-03-02T20:38:14","slug":"bacheo-continua-en-avenida-manuel-bulnes","status":"publish","type":"post","link":"https:\/\/www.radiopresidenteibanez.cl\/web\/bacheo-continua-en-avenida-manuel-bulnes\/","title":{"rendered":"BACHEO CONTIN\u00daA EN AVENIDA MANUEL BULNES"},"content":{"rendered":"\n<p>Durante las \u00faltimas semanas, la Municipalidad de Punta Arenas ha reforzado los trabajos de \u201cBacheo\u201d, en las principales arterias viales de la ciudad, con el fin de mitigar el mal estado que presentan diversas calles y avenidas de la comuna.<\/p>\n\n\n\n<p>Es as\u00ed como se ha podido observar el trabajo de la m\u00e1quina \u201cBacheadora\u201d por Eusebio Lillo, Avenida Independencia, calle 21 de mayo, Magallanes y actualmente, por avenida Manuel Bulnes, las que concentran el mayor tr\u00e1nsito vehicular, raz\u00f3n por la cual la Direcci\u00f3n de Operaciones ha reforzado su labor, previo al inicio de clases.<\/p>\n\n\n\n<p>De igual forma, el alcalde ha realizado un llamado a los organismos competentes para que en el corto y mediano plazo, puedan desarrollar una intervenci\u00f3n profunda en las \u00e1reas de mayor aglomeraci\u00f3n, puesto que es evidente el deterioro que presentan varias v\u00edas de Punta Arenas.<\/p>\n\n\n\n<p>\u201cHemos visto con optimismo la inversi\u00f3n que est\u00e1 desarrollando el Gobierno para mejorar la infraestructura vial de la comuna, raz\u00f3n por la cual estamos trabajando de manera coordinada para poder colaborar con nuestra m\u00e1quina \u201cBacheadora\u201d en los lugares que concentran el mayor flujo y as\u00ed disminuir en algo, el deterioro de las calles\u201d, argument\u00f3 el alcalde Claudio Radonich.<\/p>\n\n\n\n<p>Por su parte, el director de Operaciones del Municipio, Sergio Becerra explic\u00f3 que \u201cen este momento estamos trabajando en diversos puntos de la ciudad mediante un proceso emulsionado, el cual se aplica en base asf\u00e1ltica mediante una temperatura superior a los 70 grados, esto a su vez se trabaja con gravilla, la cual puede concretarse con temperatura ambiente superior a los 8 grados, pudiendo tapar los hoyos que presentan las calles intervenidas\u201d.<\/p>\n\n\n\n<p>Finalmente, Becerra agreg\u00f3 que el plan de trabajo contempla una intervenci\u00f3n total de 7 kil\u00f3metros lineales de Bacheo.<\/p>\n","protected":false},"excerpt":{"rendered":"<p>Durante las \u00faltimas semanas, la Municipalidad de Punta Arenas ha reforzado los trabajos de \u201cBacheo\u201d, en las principales arterias viales de la ciudad, con el fin de mitigar el mal&#8230; <a class=\"read-more\" href=\"https:\/\/www.radiopresidenteibanez.cl\/web\/bacheo-continua-en-avenida-manuel-bulnes\/\">Leer m\u00e1s<\/a><\/p>\n","protected":false},"author":2,"featured_media":1771,"comment_status":"closed","ping_status":"closed","sticky":false,"template":"","format":"standard","meta":{"footnotes":""},"categories":[1],"tags":[],"class_list":["post-1770","post","type-post","status-publish","format-standard","has-post-thumbnail","hentry","category-cronica"],"_links":{"self":[{"href":"https:\/\/www.radiopresidenteibanez.cl\/web\/wp-json\/wp\/v2\/posts\/1770","targetHints":{"allow":["GET"]}}],"collection":[{"href":"https:\/\/www.radiopresidenteibanez.cl\/web\/wp-json\/wp\/v2\/posts"}],"about":[{"href":"https:\/\/www.radiopresidenteibanez.cl\/web\/wp-json\/wp\/v2\/types\/post"}],"author":[{"embeddable":true,"href":"https:\/\/www.radiopresidenteibanez.cl\/web\/wp-json\/wp\/v2\/users\/2"}],"replies":[{"embeddable":true,"href":"https:\/\/www.radiopresidenteibanez.cl\/web\/wp-json\/wp\/v2\/comments?post=1770"}],"version-history":[{"count":0,"href":"https:\/\/www.radiopresidenteibanez.cl\/web\/wp-json\/wp\/v2\/posts\/1770\/revisions"}],"wp:featuredmedia":[{"embeddable":true,"href":"https:\/\/www.radiopresidenteibanez.cl\/web\/wp-json\/wp\/v2\/media\/1771"}],"wp:attachment":[{"href":"https:\/\/www.radiopresidenteibanez.cl\/web\/wp-json\/wp\/v2\/media?parent=1770"}],"wp:term":[{"taxonomy":"category","embeddable":true,"href":"https:\/\/www.radiopresidenteibanez.cl\/web\/wp-json\/wp\/v2\/categories?post=1770"},{"taxonomy":"post_tag","embeddable":true,"href":"https:\/\/www.radiopresidenteibanez.cl\/web\/wp-json\/wp\/v2\/tags?post=1770"}],"curies":[{"name":"wp","href":"https:\/\/api.w.org\/{rel}","templated":true}]}}