{"id":17689,"date":"2021-01-12T14:02:33","date_gmt":"2021-01-12T14:02:33","guid":{"rendered":"https:\/\/www.radiopresidenteibanez.cl\/web\/?p=17689"},"modified":"2021-01-12T14:02:39","modified_gmt":"2021-01-12T14:02:39","slug":"sujeto-fue-condenado-por-agredir-sexualmente-a-menor-de-13-anos-de-edad","status":"publish","type":"post","link":"https:\/\/www.radiopresidenteibanez.cl\/web\/sujeto-fue-condenado-por-agredir-sexualmente-a-menor-de-13-anos-de-edad\/","title":{"rendered":"SUJETO FUE CONDENADO POR AGREDIR SEXUALMENTE A MENOR DE 13 A\u00d1OS DE EDAD"},"content":{"rendered":"\n<p>J.E.M.A fue\ncondenado hoy, en calidad de autor&nbsp; del delito consumado de violaci\u00f3n reiterada\nprevisto y sancionado en el art\u00edculo el art\u00edculo 362 del C\u00f3digo\nPenal.<\/p>\n\n\n\n<p>Durante el\njuicio efectuado en forma semipresencial, la&nbsp;\nFiscal Wendoline Acu\u00f1a, acredit\u00f3 que el&nbsp;\n1 de febrero de 2019, el acusado empez\u00f3 a tomar contacto v\u00eda Facebook\ncon la menor de 13 a\u00f1os de edad, para luego conducirla hasta su domicilio en\nPuerto Natales, donde procedi\u00f3 a agredirla sexualmente, para luego en d\u00edas\nposteriores, generar otros encuentros con el mismo fin.<\/p>\n\n\n\n<p>La audiencia de comunicaci\u00f3n de fallo se efectuar\u00e1\nel d\u00eda s\u00e1bado 16 de enero del presente a\u00f1o&nbsp;\na las 13:30 horas.<\/p>\n","protected":false},"excerpt":{"rendered":"<p>J.E.M.A fue condenado hoy, en calidad de autor&nbsp; del delito consumado de violaci\u00f3n reiterada previsto y sancionado en el art\u00edculo el art\u00edculo 362 del C\u00f3digo Penal. Durante el juicio efectuado&#8230; <a class=\"read-more\" href=\"https:\/\/www.radiopresidenteibanez.cl\/web\/sujeto-fue-condenado-por-agredir-sexualmente-a-menor-de-13-anos-de-edad\/\">Leer m\u00e1s<\/a><\/p>\n","protected":false},"author":2,"featured_media":7254,"comment_status":"closed","ping_status":"closed","sticky":false,"template":"","format":"standard","meta":{"footnotes":""},"categories":[6],"tags":[],"class_list":["post-17689","post","type-post","status-publish","format-standard","has-post-thumbnail","hentry","category-policial"],"_links":{"self":[{"href":"https:\/\/www.radiopresidenteibanez.cl\/web\/wp-json\/wp\/v2\/posts\/17689","targetHints":{"allow":["GET"]}}],"collection":[{"href":"https:\/\/www.radiopresidenteibanez.cl\/web\/wp-json\/wp\/v2\/posts"}],"about":[{"href":"https:\/\/www.radiopresidenteibanez.cl\/web\/wp-json\/wp\/v2\/types\/post"}],"author":[{"embeddable":true,"href":"https:\/\/www.radiopresidenteibanez.cl\/web\/wp-json\/wp\/v2\/users\/2"}],"replies":[{"embeddable":true,"href":"https:\/\/www.radiopresidenteibanez.cl\/web\/wp-json\/wp\/v2\/comments?post=17689"}],"version-history":[{"count":0,"href":"https:\/\/www.radiopresidenteibanez.cl\/web\/wp-json\/wp\/v2\/posts\/17689\/revisions"}],"wp:featuredmedia":[{"embeddable":true,"href":"https:\/\/www.radiopresidenteibanez.cl\/web\/wp-json\/wp\/v2\/media\/7254"}],"wp:attachment":[{"href":"https:\/\/www.radiopresidenteibanez.cl\/web\/wp-json\/wp\/v2\/media?parent=17689"}],"wp:term":[{"taxonomy":"category","embeddable":true,"href":"https:\/\/www.radiopresidenteibanez.cl\/web\/wp-json\/wp\/v2\/categories?post=17689"},{"taxonomy":"post_tag","embeddable":true,"href":"https:\/\/www.radiopresidenteibanez.cl\/web\/wp-json\/wp\/v2\/tags?post=17689"}],"curies":[{"name":"wp","href":"https:\/\/api.w.org\/{rel}","templated":true}]}}