{"id":17686,"date":"2021-01-13T02:15:00","date_gmt":"2021-01-13T02:15:00","guid":{"rendered":"https:\/\/www.radiopresidenteibanez.cl\/web\/?p=17686"},"modified":"2021-01-12T14:01:24","modified_gmt":"2021-01-12T14:01:24","slug":"con-el-compromiso-de-todos-superaremos-el-covid-19","status":"publish","type":"post","link":"https:\/\/www.radiopresidenteibanez.cl\/web\/con-el-compromiso-de-todos-superaremos-el-covid-19\/","title":{"rendered":"CON EL COMPROMISO DE TODOS SUPERAREMOS EL COVID-19"},"content":{"rendered":"\n<p>Con un claro llamado a cuidarnos entre\ntodos para superar como comunidad el COVID-19, el director del Servicio de\nSalud Magallanes, Nelson Reyes Silva, se refiri\u00f3 a los anuncios efectuados hoy,\nlunes 11 de enero, por el ministro de salud, Dr. Enrique Paris, en cuanto actualizaciones\nal Plan Paso a Paso, que extreman las restricciones, especialmente en los Pasos\n1 y 2 de Cuarentena y Transici\u00f3n; informaci\u00f3n que se\u00f1al\u00f3, ser\u00e1n entregadas a nivel\nregional por las autoridades pertinentes. <\/p>\n\n\n\n<p>De igual forma, la autoridad de salud\ncoment\u00f3 respecto de la gesti\u00f3n de la Red Integrada COVID-19 que, desde el mes\nde septiembre la Red se encuentra trabajando con un nivel de exigencia mayor, debido\na que los contagios no han disminuido como ser\u00eda lo esperado, al aumento de\nhospitalizaci\u00f3n tanto por COVID-19 como por otras patolog\u00edas NO COVID-19 y al\ncansancio acumulado de los funcionarios, considerando los casi 10 meses en que\nMagallanes est\u00e1 haciendo frente a la pandemia. \u201cAl d\u00eda de hoy en toda nuestra\nRed Asistencial tenemos 35 funcionarios con diagn\u00f3stico de COVID-19 y 15 en\ncuarentena\u201d, indic\u00f3 la autoridad.<\/p>\n\n\n\n<p>Respecto de egreso por traslado, informar\nque durante el a\u00f1o 2020 se realizaron 147 a\u00e9reo evacuaciones hacia\nestablecimientos de la Red Integrada COVID-19, garantizando acceso a cama\ncr\u00edtica al resto de la poblaci\u00f3n y manteniendo continuidad de la atenci\u00f3n para los\npacientes derivados. \u201cNosotros siempre estamos realizando aero evacuaciones,\nsiempre estamos trabajando con la Unidad de Gesti\u00f3n Centralizada de Camas del\nMinisterio de Salud, donde ellos nos van indicando la disponibilidad de camas cr\u00edticas\ny no s\u00f3lo para nosotros como regi\u00f3n, sino tambi\u00e9n para las otras regiones y\nellos van dando las prioridades\u201d, puntualiz\u00f3 el director Reyes.<\/p>\n\n\n\n<p>Durante los primeros d\u00edas del presente\na\u00f1o, seg\u00fan reporte UGCC se registra un solo traslado hacia la Regi\u00f3n\nMetropolitana.<\/p>\n\n\n\n<p>Finalmente, reiterar la necesidad de no\nrelajar las medidas de prevenci\u00f3n, como el lavado constante de manos o uso de\nalcohol gel, la distancia f\u00edsica y el uso de mascarilla, simples medidas que\npueden marcar la diferencia.<\/p>\n","protected":false},"excerpt":{"rendered":"<p>Con un claro llamado a cuidarnos entre todos para superar como comunidad el COVID-19, el director del Servicio de Salud Magallanes, Nelson Reyes Silva, se refiri\u00f3 a los anuncios efectuados&#8230; <a class=\"read-more\" href=\"https:\/\/www.radiopresidenteibanez.cl\/web\/con-el-compromiso-de-todos-superaremos-el-covid-19\/\">Leer m\u00e1s<\/a><\/p>\n","protected":false},"author":2,"featured_media":17687,"comment_status":"closed","ping_status":"closed","sticky":false,"template":"","format":"standard","meta":{"footnotes":""},"categories":[1],"tags":[],"class_list":["post-17686","post","type-post","status-publish","format-standard","has-post-thumbnail","hentry","category-cronica"],"_links":{"self":[{"href":"https:\/\/www.radiopresidenteibanez.cl\/web\/wp-json\/wp\/v2\/posts\/17686","targetHints":{"allow":["GET"]}}],"collection":[{"href":"https:\/\/www.radiopresidenteibanez.cl\/web\/wp-json\/wp\/v2\/posts"}],"about":[{"href":"https:\/\/www.radiopresidenteibanez.cl\/web\/wp-json\/wp\/v2\/types\/post"}],"author":[{"embeddable":true,"href":"https:\/\/www.radiopresidenteibanez.cl\/web\/wp-json\/wp\/v2\/users\/2"}],"replies":[{"embeddable":true,"href":"https:\/\/www.radiopresidenteibanez.cl\/web\/wp-json\/wp\/v2\/comments?post=17686"}],"version-history":[{"count":0,"href":"https:\/\/www.radiopresidenteibanez.cl\/web\/wp-json\/wp\/v2\/posts\/17686\/revisions"}],"wp:featuredmedia":[{"embeddable":true,"href":"https:\/\/www.radiopresidenteibanez.cl\/web\/wp-json\/wp\/v2\/media\/17687"}],"wp:attachment":[{"href":"https:\/\/www.radiopresidenteibanez.cl\/web\/wp-json\/wp\/v2\/media?parent=17686"}],"wp:term":[{"taxonomy":"category","embeddable":true,"href":"https:\/\/www.radiopresidenteibanez.cl\/web\/wp-json\/wp\/v2\/categories?post=17686"},{"taxonomy":"post_tag","embeddable":true,"href":"https:\/\/www.radiopresidenteibanez.cl\/web\/wp-json\/wp\/v2\/tags?post=17686"}],"curies":[{"name":"wp","href":"https:\/\/api.w.org\/{rel}","templated":true}]}}