{"id":17683,"date":"2021-01-12T13:58:10","date_gmt":"2021-01-12T13:58:10","guid":{"rendered":"https:\/\/www.radiopresidenteibanez.cl\/web\/?p=17683"},"modified":"2021-01-12T13:58:15","modified_gmt":"2021-01-12T13:58:15","slug":"la-junji-magallanes-reinicia-obras-de-construccion-de-jardin-infantil-costanera-de-punta-arenas","status":"publish","type":"post","link":"https:\/\/www.radiopresidenteibanez.cl\/web\/la-junji-magallanes-reinicia-obras-de-construccion-de-jardin-infantil-costanera-de-punta-arenas\/","title":{"rendered":"LA JUNJI MAGALLANES REINICIA OBRAS DE CONSTRUCCI\u00d3N DE JARD\u00cdN INFANTIL \u201cCOSTANERA\u201d DE PUNTA ARENAS"},"content":{"rendered":"\n<p>\u201cQueremos agradecer a los equipos de la Junta Nacional\nde Jardines Infantiles (JUNJI) y a la voluntad pol\u00edtica del Presidente\nSebasti\u00e1n Pi\u00f1era<br>\nEchenique y de la Intendenta de Magallanes y de la Ant\u00e1rtica Chilena, Jenniffer\nRojas Garc\u00eda, por lograr el reinicio de obras de construcci\u00f3n de la Sala Cuna y\nJard\u00edn Infantil \u2018Costanera\u2019. Igualmente, nuestras palabras de aprecio son para\nlos vecinos, que cuidaron esta infraestructura en conjunto con los equipos de\nseguridad contratados\u201d. Estas fueron algunas de las palabras expresadas por el\nSecretario Regional Ministerial de Educaci\u00f3n, Rodrigo Sep\u00falveda Tagle, en el\npunto de prensa realizado para dar reinicio a los trabajos para el proyecto de\nun nuevo establecimiento en Punta Arenas. <\/p>\n\n\n\n<p>El edificio est\u00e1 ubicado en Julia Garay Guerra 36 y\nser\u00e1 administrado en forma directa por la JUNJI, con 696 metros cuadrados de\nconstrucci\u00f3n en 1.583 metros cuadrados de terreno, con $1.000.718.406 de\ninversi\u00f3n para esta nueva etapa. Se proyecta que las obras, a cargo de la\nconstructora Socrade, est\u00e9n terminadas en octubre de 2021. <\/p>\n\n\n\n<p>Esta unidad de la JUNJI atender\u00e1 a veinte lactantes en\nuna sala cuna y a 28 p\u00e1rvulos en el nivel medio, brindando puestos de trabajo a\nuna directora, dos educadoras y cinco t\u00e9cnicas en educaci\u00f3n parvularia, adem\u00e1s\nde dos manipuladoras de alimentos y una persona a cargo de los servicios. <\/p>\n\n\n\n<p><strong>Jard\u00edn infantil\nen la zona centro de Punta Arenas<\/strong><\/p>\n\n\n\n<p>La Directora Regional (S) de la JUNJI, la educadora\nMar\u00eda Ang\u00e9lica Andrade Gallardo, manifest\u00f3 que \u201ces muy grato retomar estas\nobras, que van en directo apoyo de un sector poblacional de Punta Arenas donde\nno hay jardines infantiles\u201d. &nbsp;<\/p>\n\n\n\n<p>Rodrigo Sep\u00falveda agreg\u00f3 que \u201cel edificio se ubica en\nun sector maravilloso de la comuna. Aqu\u00ed se hizo un trabajo potente con los\nequipos de la JUNJI, a los que felicito por haber alcanzado el objetivo de\nreiniciar los trabajos, con el respaldo del Presidente Sebasti\u00e1n Pi\u00f1era y la\nIntendenta Jenniffer Rojas, quienes apoyaron la inyecci\u00f3n de recursos\u201d. <\/p>\n\n\n\n<p>La Secretaria Regional Ministerial de Gobierno,\nAlejandra Mu\u00f1oz Quiroz, afirm\u00f3 que el Jard\u00edn \u201cCostanera\u201d mejora la calidad de\nvida de 48 familias beneficiadas, en especial de las ni\u00f1as y los ni\u00f1os, \u201ccon\nrespaldo a las personas que no tienen redes de apoyo, con educaci\u00f3n de calidad\ny resguardo. Espero que haya muchas m\u00e1s obras como \u00e9sta, con hermosa\ninfraestructura\u201d. <\/p>\n\n\n\n<p>El Gobernador de Magallanes, Alejandro V\u00e1squez\nServieri, felicit\u00f3 el \u201cgran desaf\u00edo de reanudar la construcci\u00f3n. Se trata de un\nhito importante, que contribuye a las prestaciones de calidad que ejecuta la\nJUNJI\u201d. <\/p>\n\n\n\n<p>El Jard\u00edn Infantil\n\u201cCostanera\u201d contar\u00e1 con dos pisos, una sala cuna y un nivel medio, adem\u00e1s de la\nrecuperaci\u00f3n del sector que da hacia la avenida Costanera de Punta Arenas como\npatio de juegos. Las obras contratadas con Socrade proyectan 270 d\u00edas de\nlabores. El Secretario de Educaci\u00f3n, Rodrigo Sep\u00falveda, concluy\u00f3 en la\nimportancia del edificio, proyectado para aprovechar la luz diaria y la\ninteracci\u00f3n de las ni\u00f1as y los ni\u00f1os con su bello entorno. <\/p>\n","protected":false},"excerpt":{"rendered":"<p>\u201cQueremos agradecer a los equipos de la Junta Nacional de Jardines Infantiles (JUNJI) y a la voluntad pol\u00edtica del Presidente Sebasti\u00e1n Pi\u00f1era Echenique y de la Intendenta de Magallanes y&#8230; <a class=\"read-more\" href=\"https:\/\/www.radiopresidenteibanez.cl\/web\/la-junji-magallanes-reinicia-obras-de-construccion-de-jardin-infantil-costanera-de-punta-arenas\/\">Leer m\u00e1s<\/a><\/p>\n","protected":false},"author":2,"featured_media":17684,"comment_status":"closed","ping_status":"closed","sticky":false,"template":"","format":"standard","meta":{"footnotes":""},"categories":[1],"tags":[],"class_list":["post-17683","post","type-post","status-publish","format-standard","has-post-thumbnail","hentry","category-cronica"],"_links":{"self":[{"href":"https:\/\/www.radiopresidenteibanez.cl\/web\/wp-json\/wp\/v2\/posts\/17683","targetHints":{"allow":["GET"]}}],"collection":[{"href":"https:\/\/www.radiopresidenteibanez.cl\/web\/wp-json\/wp\/v2\/posts"}],"about":[{"href":"https:\/\/www.radiopresidenteibanez.cl\/web\/wp-json\/wp\/v2\/types\/post"}],"author":[{"embeddable":true,"href":"https:\/\/www.radiopresidenteibanez.cl\/web\/wp-json\/wp\/v2\/users\/2"}],"replies":[{"embeddable":true,"href":"https:\/\/www.radiopresidenteibanez.cl\/web\/wp-json\/wp\/v2\/comments?post=17683"}],"version-history":[{"count":0,"href":"https:\/\/www.radiopresidenteibanez.cl\/web\/wp-json\/wp\/v2\/posts\/17683\/revisions"}],"wp:featuredmedia":[{"embeddable":true,"href":"https:\/\/www.radiopresidenteibanez.cl\/web\/wp-json\/wp\/v2\/media\/17684"}],"wp:attachment":[{"href":"https:\/\/www.radiopresidenteibanez.cl\/web\/wp-json\/wp\/v2\/media?parent=17683"}],"wp:term":[{"taxonomy":"category","embeddable":true,"href":"https:\/\/www.radiopresidenteibanez.cl\/web\/wp-json\/wp\/v2\/categories?post=17683"},{"taxonomy":"post_tag","embeddable":true,"href":"https:\/\/www.radiopresidenteibanez.cl\/web\/wp-json\/wp\/v2\/tags?post=17683"}],"curies":[{"name":"wp","href":"https:\/\/api.w.org\/{rel}","templated":true}]}}