{"id":17674,"date":"2021-01-12T13:49:37","date_gmt":"2021-01-12T13:49:37","guid":{"rendered":"https:\/\/www.radiopresidenteibanez.cl\/web\/?p=17674"},"modified":"2021-01-12T13:49:42","modified_gmt":"2021-01-12T13:49:42","slug":"gobierno-lanza-plataforma-informativa-e-interactiva-sobre-el-proceso-constituyente","status":"publish","type":"post","link":"https:\/\/www.radiopresidenteibanez.cl\/web\/gobierno-lanza-plataforma-informativa-e-interactiva-sobre-el-proceso-constituyente\/","title":{"rendered":"GOBIERNO LANZA PLATAFORMA INFORMATIVA E INTERACTIVA SOBRE EL PROCESO CONSTITUYENTE"},"content":{"rendered":"\n<p>\u201cChile Constituyente\u201d se denomina la nueva plataforma web\nque lanz\u00f3 el Gobierno de Chile sobre el proceso constituyente.<\/p>\n\n\n\n<p>La iniciativa, que fue dada a\nconocer en el Palacio Pereira por el Presidente Sebasti\u00e1n Pi\u00f1era y el Vocero de\nGobierno, Jaime Bellolio, se elabor\u00f3 en colaboraci\u00f3n con organizaciones de la\nsociedad civil e instituciones p\u00fablicas, tanto a nivel nacional como\ninternacional, y busca facilitar contenido sobre el proceso constituyente y\nfomentar la participaci\u00f3n de los ciudadanos.<\/p>\n\n\n\n<p>El Mandatario asegur\u00f3 que \u201ccomo\nGobierno queremos que este proceso constituyente sea ciudadano, participativo,\ndemocr\u00e1tico y transparente, para que todos los chilenos y chilenas puedan\nparticipar y ser protagonistas de esta etapa hist\u00f3rica en que en Chile se va a\ndar una nueva Constituci\u00f3n. Con la\nentrega del Palacio Pereira y aporte del Congreso en Santiago que van a ser sedes de la Convenci\u00f3n\nConstitucional y con la puesta en marcha de esta plataforma &#8211; entre muchas\notras iniciativas- estamos avanzando por el camino e itinerario constitucional que nos fijamos los chilenos en noviembre de\n2018 y ratificamos en el Plebiscito del 25 de octubre reci\u00e9n pasado\u201d.<\/p>\n\n\n\n<p>Por su parte, el Vocero de\nGobierno, Jaime Bellolio, afirm\u00f3 que \u201ccon esta plataforma, como Gobierno\nqueremos ratificar nuestro compromiso de ser garantes de que este proceso sea\nbien llevado en todo momento pero no solo desde el punto de vista operacional,\nsino que tambi\u00e9n educativo. Una sociedad democr\u00e1tica requiere una ciudadan\u00eda\ninformada, para que las personas tomen sus decisiones de manera libre y\nresponsable hacia el futuro, sobre todo en un proceso hist\u00f3rico como el que\nestamos viviendo, en que se redactar\u00e1 una nueva constituci\u00f3n\u201d.<\/p>\n\n\n\n<p>\u201cQueremos que este proceso est\u00e9\nmarcado por la discusi\u00f3n de ideas, los debates responsables y constructivos y\ncondenar entre todos cualquier imposici\u00f3n de ideas de manera violenta. Este\nsitio recopila informaci\u00f3n verificada de instituciones muy serias, se entrega a\nla comunidad de manera interactiva y simple, para quien quiera aprender o\nresolver sus dudas respecto al proceso constitucional, pueda hacerlo sin\nimpedimentos\u201d, a\u00f1adi\u00f3.<\/p>\n\n\n\n<p>El sitio contiene la historia constitucional\nde Chile y el mundo, un glosario con cerca de 100<br><\/p>\n\n\n\n<p>conceptos constitucionales y su\ndebida explicaci\u00f3n, una secci\u00f3n con m\u00e1s de 40 preguntas frecuentes, la edici\u00f3n\n\u201chist\u00f3rica\u201d de la Constituci\u00f3n actual elaborada por el profesor Jaime Arancibia,\ndistintos documentos de procesos constitucionales y cuestionarios interactivos\npara que las personas puedan medir\nsus conocimientos en base a los contenidos de la p\u00e1gina, entre otros insumos.<\/p>\n\n\n\n<p>Adem\u00e1s, la plataforma cuenta\ncon 21 fichas elaboradas por SENADIS y Pa\u00eds Di junto a la Universidad de Los\nAndes para promover la participaci\u00f3n de las personas con discapacidad\nintelectual, e insumos generados por la Biblioteca del Congreso Nacional,\nTenemos que Hablar de Chile, instancia que convoca a las Universidades de Chile\ny Cat\u00f3lica.<\/p>\n\n\n\n<p>Asimismo, otros organismos como\n<a href=\"http:\/\/www.constituteproject.org\/\">www.constituteproject.org,<\/a> el Servicio Electoral y el\nConsejo para la Transparencia tambi\u00e9n han colaborado para que la plataforma\nChile Constituyente pueda ser un instrumento informativo para la ciudadan\u00eda.<\/p>\n\n\n\n<p>\u201cQueremos invitar a la\nciudadan\u00eda de todas las edades, estudiantes, profesores, periodistas, a todos,\na que visiten esta plataforma, un espacio de educaci\u00f3n constitucional muy \u00fatil\ny de f\u00e1cil navegaci\u00f3n en un tel\u00e9fono, tablet o computador\u201d, finaliz\u00f3 el\nMinistro Jaime Bellolio.<\/p>\n\n\n\n<p>M\u00e1s informaci\u00f3n en <a href=\"http:\/\/www.chileconstituyente.cl\/\">www.chileconstituyente.cl<\/a><\/p>\n","protected":false},"excerpt":{"rendered":"<p>\u201cChile Constituyente\u201d se denomina la nueva plataforma web que lanz\u00f3 el Gobierno de Chile sobre el proceso constituyente. La iniciativa, que fue dada a conocer en el Palacio Pereira por&#8230; <a class=\"read-more\" href=\"https:\/\/www.radiopresidenteibanez.cl\/web\/gobierno-lanza-plataforma-informativa-e-interactiva-sobre-el-proceso-constituyente\/\">Leer m\u00e1s<\/a><\/p>\n","protected":false},"author":2,"featured_media":17675,"comment_status":"closed","ping_status":"closed","sticky":false,"template":"","format":"standard","meta":{"footnotes":""},"categories":[1],"tags":[],"class_list":["post-17674","post","type-post","status-publish","format-standard","has-post-thumbnail","hentry","category-cronica"],"_links":{"self":[{"href":"https:\/\/www.radiopresidenteibanez.cl\/web\/wp-json\/wp\/v2\/posts\/17674","targetHints":{"allow":["GET"]}}],"collection":[{"href":"https:\/\/www.radiopresidenteibanez.cl\/web\/wp-json\/wp\/v2\/posts"}],"about":[{"href":"https:\/\/www.radiopresidenteibanez.cl\/web\/wp-json\/wp\/v2\/types\/post"}],"author":[{"embeddable":true,"href":"https:\/\/www.radiopresidenteibanez.cl\/web\/wp-json\/wp\/v2\/users\/2"}],"replies":[{"embeddable":true,"href":"https:\/\/www.radiopresidenteibanez.cl\/web\/wp-json\/wp\/v2\/comments?post=17674"}],"version-history":[{"count":0,"href":"https:\/\/www.radiopresidenteibanez.cl\/web\/wp-json\/wp\/v2\/posts\/17674\/revisions"}],"wp:featuredmedia":[{"embeddable":true,"href":"https:\/\/www.radiopresidenteibanez.cl\/web\/wp-json\/wp\/v2\/media\/17675"}],"wp:attachment":[{"href":"https:\/\/www.radiopresidenteibanez.cl\/web\/wp-json\/wp\/v2\/media?parent=17674"}],"wp:term":[{"taxonomy":"category","embeddable":true,"href":"https:\/\/www.radiopresidenteibanez.cl\/web\/wp-json\/wp\/v2\/categories?post=17674"},{"taxonomy":"post_tag","embeddable":true,"href":"https:\/\/www.radiopresidenteibanez.cl\/web\/wp-json\/wp\/v2\/tags?post=17674"}],"curies":[{"name":"wp","href":"https:\/\/api.w.org\/{rel}","templated":true}]}}