{"id":17642,"date":"2021-01-11T03:00:00","date_gmt":"2021-01-11T03:00:00","guid":{"rendered":"https:\/\/www.radiopresidenteibanez.cl\/web\/?p=17642"},"modified":"2021-01-10T19:21:14","modified_gmt":"2021-01-10T19:21:14","slug":"grupo-singular-en-alianza-con-tecnologico-de-monterrey-abren-inscripciones-para-el-programa-de-formacion-virtual-el-viaje-del-emprendedor-para-mipymes-de-la-region-de-magallanes","status":"publish","type":"post","link":"https:\/\/www.radiopresidenteibanez.cl\/web\/grupo-singular-en-alianza-con-tecnologico-de-monterrey-abren-inscripciones-para-el-programa-de-formacion-virtual-el-viaje-del-emprendedor-para-mipymes-de-la-region-de-magallanes\/","title":{"rendered":"GRUPO SINGULAR EN ALIANZA CON TECNOL\u00d3GICO DE MONTERREY ABREN INSCRIPCIONES PARA EL PROGRAMA DE FORMACI\u00d3N VIRTUAL EL VIAJE DEL EMPRENDEDOR PARA MIPYMES DE LA REGI\u00d3N DE MAGALLANES"},"content":{"rendered":"\n<p>Potenciar\nel proceso de adaptaci\u00f3n de las empresas ante la nueva realidad y promover su\nexpansi\u00f3n a trav\u00e9s de la elaboraci\u00f3n de estrategias ante los nuevos escenarios\nglobales de las mipymes de la regi\u00f3n de Magallanes, son los principales\nobjetivos del programa \u201cCaminos para la expansi\u00f3n empresarial: modelos para\nhacer frente a la crisis\u201d, ejecutado por el Grupo Singular en alianza con\nTecnol\u00f3gico de Monterrey con la colaboraci\u00f3n de la Serem\u00eda de Econom\u00eda y\nProChile y cofinanciado por Corfo bajo la l\u00ednea Viraliza de El Viaje del\nEmprendedor.<\/p>\n\n\n\n<p>El\nprograma virtual dispone de 140 cupos para empresas de la regi\u00f3n y tiene como\nfinalidad la formaci\u00f3n para peque\u00f1as y medianas empresas de los principales\nrubros econ\u00f3micos de la regi\u00f3n, con talleres dirigidos a las 4 capitales\nprovinciales de Magallanes. Tendr\u00e1 una duraci\u00f3n total de 20 Hrs cronol\u00f3gicas y\nel curso quedar\u00e1 disponible en la p\u00e1gina de grupo singular (<a href=\"http:\/\/www.gruposingular.cl\">www.gruposingular.cl<\/a>) y en la plataforma\ninternacional Coursera (<a href=\"http:\/\/www.coursera.org\">www.coursera.org<\/a>).<\/p>\n\n\n\n<p>\u201cEs la\nprimera vez que una empresa de la regi\u00f3n de Magallanes impulsa un programa de\nformaci\u00f3n bajo el alero del viaje del emprendedor y que ser\u00e1 parte de un curso\nMOOC a nivel global. Ser de Magallanes nos permite conocer mejor la realidad\nlocal y cubrir de mejor forma a las necesidades de capacitaci\u00f3n que requieren\nlas pymes que se desempe\u00f1an en el territorio.&nbsp;<\/p>\n\n\n\n<p>Invitamos\na las Mipymes de Magallanes y de la Ant\u00e1rtica Chilena a ser parte de este\nprograma de formaci\u00f3n que cuenta con el respaldo de un referente de nivel\ninternacional especializado en negocios como es el Tecnol\u00f3gico de Monterrey de\nM\u00e9xico\u00bb, indic\u00f3 Mauricio Ojeda director del proyecto. <\/p>\n\n\n\n<p>Con\nel fin de difundir la convocatoria y dar a conocer los alcances del programa, <strong>el\npr\u00f3ximo 14 de enero a las 16:00 Hrs por zoom<\/strong>, se realizar\u00e1 el lanzamiento\ndel programa. Las inscripciones se encuentran disponibles en <a href=\"https:\/\/l.facebook.com\/l.php?u=https%3A%2F%2Fbit.ly%2F2Xfzg2u%3Ffbclid%3DIwAR2UFpithUipE3ulVqJyHLOAsxcOW7rnOetL8CHcc0IkcpJucz1GKtbTy5c&amp;h=AT0_3Fr3wlp83Hs5WOt4ipS_6gCSmdsUZanY3Fo9F7LwY6HETK5OyDarYVYQDsHQTaTS2-RkhKzwaihxTQBcTuyIM9UmV-RvN8QJU03gGl6xf5o0Vu0c89L-8Qg_UvcESMJm&amp;__tn__=-UK*F&amp;c%5b0%5d=AT1oOV7xOPvMkY22H3ho5RgMDqHgrqjHeep9XNSfXCMvj27_RG51Bt-lUzR7A_Ckabf1Kah_gHtOvmG6JJqZva-jXHjDwVHs_AKtZNlUzIObDba9S3rOkT_jUKX53M4hKJ0HpK_vgtwD1l5sxaSnAx9TfNOWRH8KtVCulrUM_89mtnQ\" target=\"_blank\" rel=\"noreferrer noopener\">https:\/\/bit.ly\/2Xfzg2u<\/a>.<\/p>\n\n\n\n<p>Cabe\nse\u00f1alar que, para el desarrollo del proyecto, el Grupo Singular, realiz\u00f3 una\nalianza estrat\u00e9gica con una entidad de nivel internacional, Tecnol\u00f3gico de\nMonterrey de M\u00e9xico, quien desarrollar\u00e1 los contenidos y el soporte metodol\u00f3gico\ndel programa. El tecnol\u00f3gico de Monterrey, es una instituci\u00f3n especializada en\nnegocios, que pone a disposici\u00f3n a destacados acad\u00e9micos con amplia\nexperiencia, tanto en docencia como en la creaci\u00f3n de startup y el desarrollo\nde empresas.&nbsp; Por su parte, el grupo\nSingular pone a disposici\u00f3n a profesionales con experiencia en el desarrollo de\niniciativas vinculadas al fomento productivo, al emprendimiento y la\ninnovaci\u00f3n. <\/p>\n\n\n\n<p>Algunos\nde los temas que abordar\u00e1 el programa son ajustes del modelo de negocios,\nestrategias o planes de expansi\u00f3n empresarial, \u00bfc\u00f3mo valorizar la empresa? O\n\u00bfc\u00f3mo negociar con potenciales inversionistas? <\/p>\n","protected":false},"excerpt":{"rendered":"<p>Potenciar el proceso de adaptaci\u00f3n de las empresas ante la nueva realidad y promover su expansi\u00f3n a trav\u00e9s de la elaboraci\u00f3n de estrategias ante los nuevos escenarios globales de las&#8230; <a class=\"read-more\" href=\"https:\/\/www.radiopresidenteibanez.cl\/web\/grupo-singular-en-alianza-con-tecnologico-de-monterrey-abren-inscripciones-para-el-programa-de-formacion-virtual-el-viaje-del-emprendedor-para-mipymes-de-la-region-de-magallanes\/\">Leer m\u00e1s<\/a><\/p>\n","protected":false},"author":2,"featured_media":17643,"comment_status":"closed","ping_status":"closed","sticky":false,"template":"","format":"standard","meta":{"footnotes":""},"categories":[1],"tags":[],"class_list":["post-17642","post","type-post","status-publish","format-standard","has-post-thumbnail","hentry","category-cronica"],"_links":{"self":[{"href":"https:\/\/www.radiopresidenteibanez.cl\/web\/wp-json\/wp\/v2\/posts\/17642","targetHints":{"allow":["GET"]}}],"collection":[{"href":"https:\/\/www.radiopresidenteibanez.cl\/web\/wp-json\/wp\/v2\/posts"}],"about":[{"href":"https:\/\/www.radiopresidenteibanez.cl\/web\/wp-json\/wp\/v2\/types\/post"}],"author":[{"embeddable":true,"href":"https:\/\/www.radiopresidenteibanez.cl\/web\/wp-json\/wp\/v2\/users\/2"}],"replies":[{"embeddable":true,"href":"https:\/\/www.radiopresidenteibanez.cl\/web\/wp-json\/wp\/v2\/comments?post=17642"}],"version-history":[{"count":0,"href":"https:\/\/www.radiopresidenteibanez.cl\/web\/wp-json\/wp\/v2\/posts\/17642\/revisions"}],"wp:featuredmedia":[{"embeddable":true,"href":"https:\/\/www.radiopresidenteibanez.cl\/web\/wp-json\/wp\/v2\/media\/17643"}],"wp:attachment":[{"href":"https:\/\/www.radiopresidenteibanez.cl\/web\/wp-json\/wp\/v2\/media?parent=17642"}],"wp:term":[{"taxonomy":"category","embeddable":true,"href":"https:\/\/www.radiopresidenteibanez.cl\/web\/wp-json\/wp\/v2\/categories?post=17642"},{"taxonomy":"post_tag","embeddable":true,"href":"https:\/\/www.radiopresidenteibanez.cl\/web\/wp-json\/wp\/v2\/tags?post=17642"}],"curies":[{"name":"wp","href":"https:\/\/api.w.org\/{rel}","templated":true}]}}