{"id":17634,"date":"2021-01-11T02:15:00","date_gmt":"2021-01-11T02:15:00","guid":{"rendered":"https:\/\/www.radiopresidenteibanez.cl\/web\/?p=17634"},"modified":"2021-01-10T19:12:48","modified_gmt":"2021-01-10T19:12:48","slug":"2021-aprendiendo-las-lecciones-por-eugenia-mancilla-macias","status":"publish","type":"post","link":"https:\/\/www.radiopresidenteibanez.cl\/web\/2021-aprendiendo-las-lecciones-por-eugenia-mancilla-macias\/","title":{"rendered":"\u201c2021 APRENDIENDO LAS LECCIONES\u201d por Eugenia Mancilla Mac\u00edas"},"content":{"rendered":"\n<p>Iniciamos un nuevo a\u00f1o para Magallanes y sus\nhabitantes. Como siempre con expectativas y cifradas esperanzas que este a\u00f1o 2021\nse trate de una nueva y mejor \u00e9poca. La vara est\u00e1 baja, como alguien dijo por\nah\u00ed. El a\u00f1o que nos dej\u00f3 fue complejo, jam\u00e1s pensado, con una pandemia mundial\nque nos trajo incertidumbres, aislamiento, t\u00e9rmino de iniciativas comerciales,\nuna econom\u00eda a la baja, cesant\u00eda para muchos, perdida de seres queridos para\notros, en fin, solo momentos de incredulidad y pocas certezas. &nbsp;Fue muy duro vivirlo. Y as\u00ed como iniciamos el\na\u00f1o 2020 tambi\u00e9n lo terminamos. Una lecci\u00f3n que nos dej\u00f3, es la importancia de\nquienes gobiernan y cuan preparado est\u00e1 el Estado para apoyar a sus ciudadanos\nen momentos como estos. En un pa\u00eds como el nuestro, donde existe apat\u00eda por los\nprocesos electorales y la abstenci\u00f3n suele superar el 53%, muchos se deben preguntar\n\u00bfCuan responsable soy de que el a\u00f1o 2017 haya resultado nuevamente electo un\nPresidente empresario como lo es Sebasti\u00e1n Pi\u00f1era? Ser\u00eda distinto como se\nenfrenta la pandemia del Covid-19 teniendo a un presidente que entienda que es\nfundamental reconocer y trabajar por un Estado social de derechos, donde la\npobreza y la marginaci\u00f3n no sea s\u00edmbolo de las exclusiones permanente de una\nvida mejor. Es verdad que hoy la ciudadan\u00eda demanda cambios profundos en el\ncomportamiento de sus autoridades y lideres sociales, pol\u00edticos y gremiales,\npero \u00bfcuantos de ellos est\u00e1n ciertamente comprometidos con elegir a los y las\nmejores? Creo debemos entender que esta nueva\nsociedad exige ser parte de las\ndecisiones que tienen que ver con sus vidas y entorno, pero ello lleva un reto\nde mayor participaci\u00f3n, mayor compromiso a la hora de elegir a sus lideres y\nautoridades. No basta con recibir un c\u00famulo de informaci\u00f3n por rostros\n\u201cconocidos\u201d. Ahora se requiere involucrarse para exigir con propiedad las respuestas\na las demandas insatisfechas. Exigirles por ejemplo, que no basta con hacer el\ntrabajo o la \u201cpega\u201d ahora se requiere transparencia para saber c\u00f3mo se hace,\ncon qu\u00e9 recursos, a quienes benefician y cu\u00e1les son los resultados de esa\ngesti\u00f3n. Es evidente que todos estos y otros temas tienen un trasfondo y\nes el malestar generalizado en la poblaci\u00f3n que se ha sostenido en el tiempo. Podr\u00edamos\nconcluir que hoy no solo tenemos una sociedad mas informada, sino tambi\u00e9n mas\npolitizada. Y es por ello que el proceso de politizaci\u00f3n representa una\noportunidad para que los ciudadanos seamos protagonistas de la construcci\u00f3n del\npa\u00eds que so\u00f1amos. Y en Magallanes so\u00f1amos con una mejor regi\u00f3n, integrada al\npa\u00eds y al mundo. Sentirnos orgullosos de lo construido, valorar nuestra\ncomposici\u00f3n multicultural y la riqueza que de ello emana, lo que llamamos nuestra\nidentidad. Hoy frente al proceso constituyente que se avecina junto a las\nelecciones de Gobernador Regional y municipales, se presenta la oportunidad\npara que Magallanes elija a los y las mejores. Ese es un reto, no equivocarnos\nnuevamente como el 2017. Y en lo pol\u00edtico a aprender las lecciones del\nestallido social de octubre 2019. No podemos seguir \u201cfarre\u00e1ndonos\u201d la confianza\nde la ciudadan\u00eda, no podemos seguir nominando a dedo entre cuatro paredes a los\ncandidatos que nos representaran, no podemos seguir \u201cninguneando\u201d a los\nindependientes, como si fueran una rareza, cuando en Chile el 95% o m\u00e1s de la\nciudadan\u00eda es independiente. No podemos seguir despreciando la unidad necesaria\nde la centro izquierda para lograr grandes acuerdos y unidad de prop\u00f3sito,\nentre militantes y no militantes, entre rojos, verdes azules y por cierto tambi\u00e9n\namarillos. Todos somos necesarios y todos nos necesitamos si queremos de verdad\nser participe de las grandes transformaciones que el pa\u00eds necesita. Debemos\nlevantar la cabeza buscar nuestros profundos principios democr\u00e1ticos y ponerlos\nal servicio de las mayor\u00edas, porque estoy convencida que hay otras y mejores formas\nde hacer pol\u00edtica. De nosotros depende. Feliz a\u00f1o 2021 para todos y todas.<\/p>\n\n\n\n<p><strong>Eugenia\nMancilla Mac\u00edas<\/strong><\/p>\n\n\n\n<p><strong>Ex\nIntendenta Regional<\/strong><\/p>\n\n\n\n<p><strong>Vanguardia\nComunitaria<\/strong><\/p>\n","protected":false},"excerpt":{"rendered":"<p>Iniciamos un nuevo a\u00f1o para Magallanes y sus habitantes. Como siempre con expectativas y cifradas esperanzas que este a\u00f1o 2021 se trate de una nueva y mejor \u00e9poca. La vara&#8230; <a class=\"read-more\" href=\"https:\/\/www.radiopresidenteibanez.cl\/web\/2021-aprendiendo-las-lecciones-por-eugenia-mancilla-macias\/\">Leer m\u00e1s<\/a><\/p>\n","protected":false},"author":2,"featured_media":15574,"comment_status":"closed","ping_status":"closed","sticky":false,"template":"","format":"standard","meta":{"footnotes":""},"categories":[1],"tags":[],"class_list":["post-17634","post","type-post","status-publish","format-standard","has-post-thumbnail","hentry","category-cronica"],"_links":{"self":[{"href":"https:\/\/www.radiopresidenteibanez.cl\/web\/wp-json\/wp\/v2\/posts\/17634","targetHints":{"allow":["GET"]}}],"collection":[{"href":"https:\/\/www.radiopresidenteibanez.cl\/web\/wp-json\/wp\/v2\/posts"}],"about":[{"href":"https:\/\/www.radiopresidenteibanez.cl\/web\/wp-json\/wp\/v2\/types\/post"}],"author":[{"embeddable":true,"href":"https:\/\/www.radiopresidenteibanez.cl\/web\/wp-json\/wp\/v2\/users\/2"}],"replies":[{"embeddable":true,"href":"https:\/\/www.radiopresidenteibanez.cl\/web\/wp-json\/wp\/v2\/comments?post=17634"}],"version-history":[{"count":0,"href":"https:\/\/www.radiopresidenteibanez.cl\/web\/wp-json\/wp\/v2\/posts\/17634\/revisions"}],"wp:featuredmedia":[{"embeddable":true,"href":"https:\/\/www.radiopresidenteibanez.cl\/web\/wp-json\/wp\/v2\/media\/15574"}],"wp:attachment":[{"href":"https:\/\/www.radiopresidenteibanez.cl\/web\/wp-json\/wp\/v2\/media?parent=17634"}],"wp:term":[{"taxonomy":"category","embeddable":true,"href":"https:\/\/www.radiopresidenteibanez.cl\/web\/wp-json\/wp\/v2\/categories?post=17634"},{"taxonomy":"post_tag","embeddable":true,"href":"https:\/\/www.radiopresidenteibanez.cl\/web\/wp-json\/wp\/v2\/tags?post=17634"}],"curies":[{"name":"wp","href":"https:\/\/api.w.org\/{rel}","templated":true}]}}