{"id":17629,"date":"2021-01-10T03:45:00","date_gmt":"2021-01-10T03:45:00","guid":{"rendered":"https:\/\/www.radiopresidenteibanez.cl\/web\/?p=17629"},"modified":"2021-01-09T16:59:39","modified_gmt":"2021-01-09T16:59:39","slug":"con-unidad-territorial-coordinadora-social-de-magallanes-inscribe-sus-candidaturas-en-el-servel","status":"publish","type":"post","link":"https:\/\/www.radiopresidenteibanez.cl\/web\/con-unidad-territorial-coordinadora-social-de-magallanes-inscribe-sus-candidaturas-en-el-servel\/","title":{"rendered":"CON UNIDAD TERRITORIAL COORDINADORA SOCIAL DE MAGALLANES INSCRIBE SUS CANDIDATURAS EN EL SERVEL"},"content":{"rendered":"\n<p>Hasta el Servicio Electoral de Punta Arenas llegaron los candidatas y candidatos de la Coordinadora Social de Magallanes, quienes bajo el lema \u201cA la constituyente con unidad territorial\u201d inscribieron sus nombres para participar de elecciones el<br>\n11 de abril, fecha en la que se determinar\u00e1 quienes conformar\u00e1n la convenci\u00f3n que redacte una Nueva Constituci\u00f3n para Chile.<\/p>\n\n\n\n<p>Elisa Giustinianovich Campos, Pablo Cifuentes Vladilo, In\u00e9s Vidal Andrade, Patricio Fuentes Olgu\u00edn y Javier Omar Aguilar, conforman una lista \u00fanica independiente por el distrito 28, en el encuentro se mostraron muy satisfechos\/as, contentos\/as y esperanzados\/as en el trabajo realizado por todos\/as los integrantes de las tres coordinadoras de Punta Arenas, Puerto Natales y Porvenir, que han trabajado por m\u00e1s de un a\u00f1o con la comunidad magall\u00e1nica, conociendo la opini\u00f3n y anhelos de la ciudadan\u00eda para la construcci\u00f3n de una carta fundamental que represente los intereses de los y las chilenas. <\/p>\n\n\n\n<p>Expresaron que las agrupaciones de base de la Coordinadora Social de Magallanes han desarrollado un trabajo arduo que pretende mejorar la calidad de vida de los habitantes de nuestra regi\u00f3n y el pa\u00eds, haciendo \u00e9nfasis en una distribuci\u00f3n de la riqueza pareja, justicia, tolerancia y respeto a la diversidad en todo el sentido de la palabra.<\/p>\n\n\n\n<p>Los representantes a constituyentes, tambi\u00e9n hicieron hincapi\u00e9 en la  importancia de agradecer a todos aquellas personas que participaron del proceso de patrocinio a las candidaturas, pues gracias a ese apoyo incondicional que era prioritario para la inscripci\u00f3n de la lista y para lo que se necesitaba contar con 500 patrocinios, se logr\u00f3 reunir  1.337  firmas patrocinantes.<\/p>\n\n\n\n<p>A continuaci\u00f3n dejamos con ustedes, un breve perfil de los candidatos\/as quienes representan fielmente un mandato social creado desde las bases de nuestra comunidad y la que los\/as candidatos\/as est\u00e1n dispuestos a obedecer. <\/p>\n\n\n\n<p>Elisa Giustinianovich Campos (36), Bioingeniera, Investigadora de la Universidad de Magallanes y Activista Ecofeminista.<br>\nIntegrante de la Coordinadora Feminista Punta Arenas, de la colectiva Rosas Silvestres, la Red Matr\u00edztica Punta Arenas y la Red Austral de Acci\u00f3n Territorial (Red AAT). Sus activismos se relacionan con la educaci\u00f3n popular, las redes de acompa\u00f1amiento a mujeres sobrevivientes de violencias y la defensa del territorio frente a la amenaza extractivista, fortaleciendo el esp\u00edritu comunitario y trabajo cooperativo en cada espacio.<\/p>\n\n\n\n<p>Pablo Cifuentes Vladilo (33), Profesor de Castellano y Comunicaci\u00f3n con menci\u00f3n en liderazgo transformacional y gesti\u00f3n escolar. <br>\nActivo en la Red Aut\u00f3noma de Profesoras y Profesores de Magallanes (RAPROMAG). Comprometido con los espacios educativos como agentes de transformaci\u00f3n social y participaci\u00f3n democr\u00e1tica.<br>\nPromotor de la escritura literaria con enfoque cr\u00edtico.Integrante de la Sociedad Austral de Debate (SAuD).<\/p>\n\n\n\n<p>In\u00e9s Vidal Andrade (59), Corredora de Seguros y Voluntaria activista del \u00e1rea de salud. <br>\nSu dirigencia nace en 1990 en los establecimientos educacionales. A partir de 2006 a la fecha se ve motivada a trabajar en el Voluntariado de Damas de Celeste del Hospital Cl\u00ednico de Punta Arenas, y en diferentes organizaciones de la sociedad civil, Ministerio Secretaria General de Gobierno y comunal de la Municipalidad de Punta Arenas. Actualmente se desempe\u00f1a como Directora Regional de la Asociaci\u00f3n Chilena de Voluntarios, incorpor\u00e1ndose adem\u00e1s a OGP, Organizaci\u00f3n de Gobierno abierto, que es integrada por 76 pa\u00edses. Todas estas actividades las realiza ad honorem.<\/p>\n\n\n\n<p>Patricio Fuentes Olgu\u00edn (40), Profesor de Educaci\u00f3n General B\u00e1sica. Ha participado desde el despertar social en los cabildos autoconvocados realizados el a\u00f1o pasado en su comuna y ha sido un eje fundamental en las actividades realizadas en la Coordinadora de Independientes Magallanes. Por su experiencia docente realizada durante diez a\u00f1os en Puerto Natales conoce de cerca la realidad social y las necesidades de sus alumnos\/as. Tambi\u00e9n ha participado en distintos cert\u00e1menes de perfeccionamiento docente.<\/p>\n\n\n\n<p>Javier Omar Aguilar ( 31 ), Profesor de Historia, Geograf\u00eda y Educaci\u00f3n B\u00e1sica del Liceo Polivalente Hernando de Magallanes, trabajando con estudiantes de ense\u00f1anza media. A su vez, en la educaci\u00f3n vespertina con atenci\u00f3n a estudiantes adultos civiles y soldados. Actualmente, participa activamente de la Coordinadora Constituyente Tierra del Fuego que agrupa a diferentes personas de la comunidad porvenire\u00f1a que se desempe\u00f1an en distintas \u00e1reas y con quienes comparte el inter\u00e9s por aportar al desarrollo de nuestro pueblo y de la regi\u00f3n y por supuesto, un aspecto fundamental es, ser parte del proceso constituyente.<\/p>\n","protected":false},"excerpt":{"rendered":"<p>Hasta el Servicio Electoral de Punta Arenas llegaron los candidatas y candidatos de la Coordinadora Social de Magallanes, quienes bajo el lema \u201cA la constituyente con unidad territorial\u201d inscribieron sus&#8230; <a class=\"read-more\" href=\"https:\/\/www.radiopresidenteibanez.cl\/web\/con-unidad-territorial-coordinadora-social-de-magallanes-inscribe-sus-candidaturas-en-el-servel\/\">Leer m\u00e1s<\/a><\/p>\n","protected":false},"author":2,"featured_media":17630,"comment_status":"closed","ping_status":"closed","sticky":false,"template":"","format":"standard","meta":{"footnotes":""},"categories":[1],"tags":[],"class_list":["post-17629","post","type-post","status-publish","format-standard","has-post-thumbnail","hentry","category-cronica"],"_links":{"self":[{"href":"https:\/\/www.radiopresidenteibanez.cl\/web\/wp-json\/wp\/v2\/posts\/17629","targetHints":{"allow":["GET"]}}],"collection":[{"href":"https:\/\/www.radiopresidenteibanez.cl\/web\/wp-json\/wp\/v2\/posts"}],"about":[{"href":"https:\/\/www.radiopresidenteibanez.cl\/web\/wp-json\/wp\/v2\/types\/post"}],"author":[{"embeddable":true,"href":"https:\/\/www.radiopresidenteibanez.cl\/web\/wp-json\/wp\/v2\/users\/2"}],"replies":[{"embeddable":true,"href":"https:\/\/www.radiopresidenteibanez.cl\/web\/wp-json\/wp\/v2\/comments?post=17629"}],"version-history":[{"count":0,"href":"https:\/\/www.radiopresidenteibanez.cl\/web\/wp-json\/wp\/v2\/posts\/17629\/revisions"}],"wp:featuredmedia":[{"embeddable":true,"href":"https:\/\/www.radiopresidenteibanez.cl\/web\/wp-json\/wp\/v2\/media\/17630"}],"wp:attachment":[{"href":"https:\/\/www.radiopresidenteibanez.cl\/web\/wp-json\/wp\/v2\/media?parent=17629"}],"wp:term":[{"taxonomy":"category","embeddable":true,"href":"https:\/\/www.radiopresidenteibanez.cl\/web\/wp-json\/wp\/v2\/categories?post=17629"},{"taxonomy":"post_tag","embeddable":true,"href":"https:\/\/www.radiopresidenteibanez.cl\/web\/wp-json\/wp\/v2\/tags?post=17629"}],"curies":[{"name":"wp","href":"https:\/\/api.w.org\/{rel}","templated":true}]}}