{"id":17619,"date":"2021-01-10T03:00:00","date_gmt":"2021-01-10T03:00:00","guid":{"rendered":"https:\/\/www.radiopresidenteibanez.cl\/web\/?p=17619"},"modified":"2021-01-09T16:54:49","modified_gmt":"2021-01-09T16:54:49","slug":"ministerio-de-educacion-realiza-positivo-balance-y-anuncia-la-fecha-de-la-aplicacion-extraordinaria-de-la-prueba-de-transicion-pdt","status":"publish","type":"post","link":"https:\/\/www.radiopresidenteibanez.cl\/web\/ministerio-de-educacion-realiza-positivo-balance-y-anuncia-la-fecha-de-la-aplicacion-extraordinaria-de-la-prueba-de-transicion-pdt\/","title":{"rendered":"MINISTERIO DE EDUCACI\u00d3N REALIZA POSITIVO BALANCE Y ANUNCIA LA FECHA DE LA APLICACI\u00d3N EXTRAORDINARIA DE LA PRUEBA DE TRANSICI\u00d3N (PDT)"},"content":{"rendered":"\n<p><strong>Tras la rendici\u00f3n de la prueba <\/strong>de Historia y Ciencias Sociales, el ministerio de\nEducaci\u00f3n (Mineduc) entreg\u00f3 un balance sobre la primera versi\u00f3n de la Prueba de\nTransici\u00f3n (PDT), proceso liderado por primera vez desde la cartera, a trav\u00e9s\nde la Subsecretar\u00eda de Educaci\u00f3n superior y que cont\u00f3 con m\u00e1s de 268 mil\npostulantes inscritos a lo largo del pa\u00eds. <\/p>\n\n\n\n<p>\u201cEn el primer a\u00f1o que a la Subsecretaria de Educaci\u00f3n\nSuperior le corresponde administrar el Sistema de Acceso a la Educaci\u00f3n\nSuperior, la Prueba de Transici\u00f3n 2021 se realiz\u00f3 en forma segura, permitiendo\nque miles de j\u00f3venes terminaran de manera tranquila un a\u00f1o de mucho esfuerzo\u201d,\nse\u00f1al\u00f3 el ministro de Educaci\u00f3n, Ra\u00fal Figueroa. <\/p>\n\n\n\n<p>El desarrollo de esta prueba se realiz\u00f3 con el trabajo\ncoordinado con el Ministerio de Salud, la Subsecretaria del Interior,\nCarabineros de Chile y el Departamento\nde Evaluaci\u00f3n, Medici\u00f3n y Registro Educacional (<strong>DEMRE<\/strong>).<\/p>\n\n\n\n<p>El Subsecretario de Educaci\u00f3n Superior, Juan Eduardo\nVargas, agreg\u00f3 que quienes no pudieron rendir la prueba por encontrarse en el\nlistado de Epivigila del Minsal, podr\u00e1n hacerlo dentro de dos semanas. \u201cSe\nproyecta que ser\u00e1n cerca de 1.200 postulantes los que quedar\u00e1n habilitados para\nrendir la prueba en una aplicaci\u00f3n extraordinaria, que se realizar\u00e1 el pr\u00f3ximo\n22 y 23 de enero\u201d. <\/p>\n\n\n\n<p>Sobre esto, la autoridad tambi\u00e9n indic\u00f3 que dentro de los\npr\u00f3ximos d\u00edas se dar\u00e1n a conocer m\u00e1s detalles sobre este proceso\nextraordinario. En cuanto a los resultados, se publicar\u00e1n el 11 de febrero a\ntrav\u00e9s de la <a href=\"https:\/\/acceso.mineduc.cl\/\">Plataforma de Acceso a la Educaci\u00f3n Superior<\/a>. <\/p>\n\n\n\n<p>En cuanto al Departamento de Evaluaci\u00f3n, Medici\u00f3n y Registro Educacional (<strong>DEMRE<\/strong>),\nsu directora, Leonor Varas, sostuvo que \u201chemos puesto nuestra experiencia a disposici\u00f3n del\nMineduc para desarrollar e implementar esta gran tarea que se aplicar\u00e1 por dos a\u00f1os y que incorpora cambios sustanciales para miles de j\u00f3venes\nen su proceso de admisi\u00f3n a la Educaci\u00f3n Superior\u201d.<\/p>\n\n\n\n<p>Una vez concluido el\nproceso de rendici\u00f3n el pr\u00f3ximo 23 de enero, la Subsecretar\u00eda de Educaci\u00f3n\nSuperior continuar\u00e1 trabajando junto al Comit\u00e9 T\u00e9cnico de Acceso en el proceso\nde admisi\u00f3n 2022, evaluando los nuevos cambios que deber\u00e1n introducirse y que\napuntan hacia un sistema que busca avanzar en equidad, culminando con la creaci\u00f3n\nde la nueva prueba de 2023. <\/p>\n\n\n\n<p>\u201cEste a\u00f1o fue nuestra primera vez a cargo del\nsistema de acceso a la Educaci\u00f3n Superior y en este corto per\u00edodo ya hemos\npodido realizar cambios significativos. El m\u00e1s visible de ellos, el fin de la\nPSU, lo que nos permitir\u00e1 avanzar\nhacia 2023, con una nueva Prueba de Acceso a la Educaci\u00f3n Superior centrada\nprincipalmente en medir competencias de los j\u00f3venes y no solo conocimientos\nespec\u00edficos\u201d, agreg\u00f3 el subsecretario\nde Educaci\u00f3n Superior, Juan Eduardo Vargas.<\/p>\n\n\n\n<p>Cabe destacar que, en esta oportunidad, los estudiantes\nfueron distribuidos en dos grupos compuestos por 667 locales entre lunes y\nmartes y 572 este jueves y viernes, logrando una rendici\u00f3n regular en el 100%\nde ellos.<\/p>\n","protected":false},"excerpt":{"rendered":"<p>Tras la rendici\u00f3n de la prueba de Historia y Ciencias Sociales, el ministerio de Educaci\u00f3n (Mineduc) entreg\u00f3 un balance sobre la primera versi\u00f3n de la Prueba de Transici\u00f3n (PDT), proceso&#8230; <a class=\"read-more\" href=\"https:\/\/www.radiopresidenteibanez.cl\/web\/ministerio-de-educacion-realiza-positivo-balance-y-anuncia-la-fecha-de-la-aplicacion-extraordinaria-de-la-prueba-de-transicion-pdt\/\">Leer m\u00e1s<\/a><\/p>\n","protected":false},"author":2,"featured_media":17620,"comment_status":"closed","ping_status":"closed","sticky":false,"template":"","format":"standard","meta":{"footnotes":""},"categories":[1],"tags":[],"class_list":["post-17619","post","type-post","status-publish","format-standard","has-post-thumbnail","hentry","category-cronica"],"_links":{"self":[{"href":"https:\/\/www.radiopresidenteibanez.cl\/web\/wp-json\/wp\/v2\/posts\/17619","targetHints":{"allow":["GET"]}}],"collection":[{"href":"https:\/\/www.radiopresidenteibanez.cl\/web\/wp-json\/wp\/v2\/posts"}],"about":[{"href":"https:\/\/www.radiopresidenteibanez.cl\/web\/wp-json\/wp\/v2\/types\/post"}],"author":[{"embeddable":true,"href":"https:\/\/www.radiopresidenteibanez.cl\/web\/wp-json\/wp\/v2\/users\/2"}],"replies":[{"embeddable":true,"href":"https:\/\/www.radiopresidenteibanez.cl\/web\/wp-json\/wp\/v2\/comments?post=17619"}],"version-history":[{"count":0,"href":"https:\/\/www.radiopresidenteibanez.cl\/web\/wp-json\/wp\/v2\/posts\/17619\/revisions"}],"wp:featuredmedia":[{"embeddable":true,"href":"https:\/\/www.radiopresidenteibanez.cl\/web\/wp-json\/wp\/v2\/media\/17620"}],"wp:attachment":[{"href":"https:\/\/www.radiopresidenteibanez.cl\/web\/wp-json\/wp\/v2\/media?parent=17619"}],"wp:term":[{"taxonomy":"category","embeddable":true,"href":"https:\/\/www.radiopresidenteibanez.cl\/web\/wp-json\/wp\/v2\/categories?post=17619"},{"taxonomy":"post_tag","embeddable":true,"href":"https:\/\/www.radiopresidenteibanez.cl\/web\/wp-json\/wp\/v2\/tags?post=17619"}],"curies":[{"name":"wp","href":"https:\/\/api.w.org\/{rel}","templated":true}]}}