{"id":17616,"date":"2021-01-10T02:45:00","date_gmt":"2021-01-10T02:45:00","guid":{"rendered":"https:\/\/www.radiopresidenteibanez.cl\/web\/?p=17616"},"modified":"2021-01-09T16:52:26","modified_gmt":"2021-01-09T16:52:26","slug":"fiscal-regional-rindio-cuenta-publica-en-su-quinto-ano-de-gestion","status":"publish","type":"post","link":"https:\/\/www.radiopresidenteibanez.cl\/web\/fiscal-regional-rindio-cuenta-publica-en-su-quinto-ano-de-gestion\/","title":{"rendered":"FISCAL REGIONAL RINDI\u00d3 CUENTA P\u00daBLICA EN SU QUINTO A\u00d1O DE GESTI\u00d3N"},"content":{"rendered":"\n<figure class=\"wp-block-table\"><table class=\"\"><tbody><tr><td>\n  El Fiscal<strong>&nbsp; <\/strong>Regional de Magallanes y de la\n  Ant\u00e1rtica Chilena, Eugenio Campos Lucero, rindi\u00f3, hoy, cuenta p\u00fablica de la\n  gesti\u00f3n efectuada durante el a\u00f1o 2020 por la instituci\u00f3n que lidera,&nbsp; efectuando un recuento de los hitos que\n  acontecieron en esta etapa marcada en gran parte por la Pandemia, exponiendo\n  las actividades, resultados y estad\u00edsticas surgidas,&nbsp; las dificultades que enfrent\u00f3 la\n  instituci\u00f3n, el aprendizaje obtenido y los desaf\u00edos para el a\u00f1o 2021.\n  La ceremonia se realiz\u00f3, a\n  partir de las 16.00 horas, v\u00eda streaming, ante el Fiscal Nacional, Jorge\n  Abbott Charme,&nbsp; autoridades, fiscales y\n  funcionarios,&nbsp; representantes de\n  instituciones colaboradoras,&nbsp; y la\n  comunidad&nbsp; magall\u00e1nica.\n  Durante el encuentro el\n  Fiscal Campos indic\u00f3 que el a\u00f1o pasado se centraron los esfuerzos en torno a\n  fortalecer los sistemas de apoyo a la persecuci\u00f3n penal mediante tecnolog\u00eda y\n  mejoras en gesti\u00f3n , como respecto de la atenci\u00f3n a v\u00edctimas y testigos,\n  indicando que la primera preocupaci\u00f3n fue garantizar su efectivo acceso a los\n  servicios, disponiendo de canales virtuales para comunicarse con Fiscal\u00eda y\n  claves web para acceder a sus procesos penales, fortaleciendo, un sistema de\n  contactabilidad y trazabilidad, en aquellos delitos priorizados, adoptando\n  tambi\u00e9n protocolos especiales para aquellos casos en que la presencia fue\n  insustituible en audiencias.\n  En cuanto a los resultados de\n  gesti\u00f3n y cifras relevantes manifest\u00f3 que durante el a\u00f1o 2020, se recibieron\n  en la Regi\u00f3n un total de 12.018 denuncias, representando un aumento de 8% respecto\n  al a\u00f1o 2019.\n  Los delitos m\u00e1s recurrentes\n  denunciados fueron los asociados a la pandemia por COVID 19, como\n  infracciones contra la salud p\u00fablica; que signific\u00f3 delitos que antes no\n  se&nbsp; ten\u00edan. Esta categor\u00eda, de otros\n  delitos, represent\u00f3 el 27% del total de los il\u00edcitos ingresados con alrededor\n  3.684 denuncias.\n  En la categor\u00eda delitos\n  econ\u00f3micos y tributarios, en tanto, indic\u00f3 que hubo 1.516 denuncias,\n  representando el 11% total del ingreso regional. En cuanto a los il\u00edcitos contra\n  la Libertad e Intimidad de las Personas, sostuvo que se recibieron 1.390\n  denuncias, que corresponden al 10% del total de ingresos y en los delitos de\n  lesiones ingresaron 1.308 casos, representando un 10% del ingreso, y con un\n  19% de disminuci\u00f3n respecto al periodo anterior. \n  Respecto de los il\u00edcitos\n  sancionados en la Ley de Tr\u00e1nsito, dijo que ingresaron 983 casos, lo que\n  represent\u00f3 el 7% del total de ingresos. No obstante plante\u00f3 su inquietud pues\n  a pesar del extendido tiempo de cuarentena, este tipo de delitos aument\u00f3 en un\n  4% respecto del a\u00f1o anterior. Representando estas 5 categor\u00edas el 65% de la\n  totalidad de ingresos.\n  En tanto, los delitos que\n  registraron bajas fueron los hurtos, con 604 ingresos que represent\u00f3 un 41%\n  de baja respecto al 2020; los cuasidelitos, con 84 ingresos, y con una disminuci\u00f3n\n  de un&nbsp; 44%. la categor\u00eda de Robos, con\n  64 denuncias, con una baja de 44%. Explic\u00e1ndose muchas de ellas por la\n  situaci\u00f3n especial de Pandemia y el Estado de Excepci\u00f3n Constitucional\n  decretado.\n  El m\u00e1ximo representante de la\n  Fiscal\u00eda en la Regi\u00f3n, inform\u00f3 tambi\u00e9n que del total de casos ingresado, en\n  el 62% de ellos se aplicaron salidas judiciales. En cuanto a los t\u00e9rminos no\n  judiciales, indic\u00f3 que los Archivos Provisionales bajaron un 12% respecto al\n  a\u00f1o anterior, siendo unas de las cifras m\u00e1s bajas del pa\u00eds.\n  &nbsp;Asimismo, considerando la situaci\u00f3n de\n  Pandemia y las diversas dificultades que se tuvieron para la concreci\u00f3n de\n  audiencias y constantes esfuerzos de la Fiscal\u00eda por mantener su realizaci\u00f3n,\n  es que se desarrollaron 82 juicios orales en la Regi\u00f3n, de ellos, en un 95%\n  se obtuvo una sentencia condenatoria y en 5% s\u00f3lo sentencias absolutorias.\n  En cuanto a la gesti\u00f3n\n  institucional sostuvo que se trabaj\u00f3 por mantener el nexo con la comunidad a\n  trav\u00e9s del contacto permanente con los medios de comunicaci\u00f3n y agrupaciones,\n  por medio de charlas realizadas en plataformas digitales, respecto de los\n  distintos tipos de delitos, como asimismo, participando en consejos y mesas\n  de trabajo para la coordinaci\u00f3n con diversas instituciones en tem\u00e1ticas\n  relacionadas a la seguridad p\u00fablica y al proceso penal.\n  En materia de formaci\u00f3n de su\n  equipo de trabajo, destac\u00f3 las permanentes capacitaciones y &nbsp;oferta program\u00e1tica desde la Academia de la\n  Fiscal\u00eda Nacional, contando cada semana con charlas y cursos on line. \n  Sobre los desaf\u00edos y\n  dificultades&nbsp; afirm\u00f3 que uno de los\n  principales es y ser\u00e1 la alta carga laboral por los nuevos ingresos de\n  delitos asociados a la pandemia, como asimismo la reactivaci\u00f3n masiva de\n  audiencias y juicios que se vieron suspendidos por la situaci\u00f3n sanitaria, se\u00f1alando\n  que la justicia no se puede retrasar.\n  Por otro lado hizo \u00e9nfasis en\n  que la Fiscal\u00eda no permitir\u00e1 presiones de ning\u00fan tipo que tengan por objeto\n  obtener una ventaja arbitraria en el sistema de administraci\u00f3n de justicia.\n  Haciendo un llamado a que como una sociedad organizada y dentro de un Estado\n  de Derecho, esto debe ser rechazado con fuerza. \n  Respecto de investigaciones\n  complejas, tanto en lo humano como en lo jur\u00eddico, reconoci\u00f3 el compromiso,\n  tenacidad y valent\u00eda de todas las v\u00edctimas y testigos que han tenido que\n  participar del sistema penal, dando la certeza de que trabajar\u00e1 en su\n  orientaci\u00f3n, protecci\u00f3n, y apoyo.\n  &nbsp;Fue enf\u00e1tico en se\u00f1alar que, lamentablemente\n  se mantiene la disminuci\u00f3n de la dotaci\u00f3n policial para nuestra Regi\u00f3n, tanto\n  por parte de Carabineros de Chile como de la Polic\u00eda de Investigaciones, e\n  hizo un llamado a las autoridades a adoptar las medidas que permitan\n  recuperar el n\u00famero la dotaci\u00f3n de polic\u00edas dedicados a la investigaci\u00f3n y\n  persecuci\u00f3n penal, como tambi\u00e9n de crear una secci\u00f3n especial de OS9 de\n  Carabineros y dotar de Polic\u00edas de la PDI con dedicaci\u00f3n preferente para\n  SACFI. \n  <\/td><\/tr><\/tbody><\/table><\/figure>\n\n\n\n<p>Afirm\u00f3 tambi\u00e9n desde la instalaci\u00f3n de la Fiscal\u00eda en la Regi\u00f3n, se tiene\npr\u00e1cticamente la misma dotaci\u00f3n, no obstante en estos m\u00e1s de 18 a\u00f1os de labor se\nha visto un incremento constante en los ingresos de casos y funciones que\nse&nbsp; encomiendan por la ley, con un aumento de un&nbsp; 61% de casos, para una dotaci\u00f3n que ya en sus\nestudios iniciales se estim\u00f3 como insuficiente, solicitando a los representantes regionales en el Congreso poder\ninterceder en esta materia que por ley se regula.<\/p>\n\n\n\n<figure class=\"wp-block-table\"><table class=\"\"><tbody><tr><td>\n  Finalmente y a modo de\n  reflexi\u00f3n dijo que a pesar de que ha sido una etapa compleja y triste para\n  muchos chilenos y chilenas, la Pandemia ha dejado muchas fortalezas y\n  ense\u00f1anzas, acortando la brecha digital para el desarrollo de la labor. A la\n  vez agradeci\u00f3 a todo el equipo y a sus familias, asimismo a Carabineros de\n  Chile y la Polic\u00eda de Investigaciones de Chile, a los integrantes de los Servicios\n  P\u00fablicos y Privados que auxilian la gesti\u00f3n de la Fiscal\u00eda; a los\n  representantes de los medios de comunicaci\u00f3n que acercan el quehacer diario a\n  los hogares magall\u00e1nicos y a la comunidad toda por su permanente apoyo.\n  <\/td><\/tr><\/tbody><\/table><\/figure>\n","protected":false},"excerpt":{"rendered":"<p>El Fiscal&nbsp; Regional de Magallanes y de la Ant\u00e1rtica Chilena, Eugenio Campos Lucero, rindi\u00f3, hoy, cuenta p\u00fablica de la gesti\u00f3n efectuada durante el a\u00f1o 2020 por la instituci\u00f3n que lidera,&nbsp;&#8230; <a class=\"read-more\" href=\"https:\/\/www.radiopresidenteibanez.cl\/web\/fiscal-regional-rindio-cuenta-publica-en-su-quinto-ano-de-gestion\/\">Leer m\u00e1s<\/a><\/p>\n","protected":false},"author":2,"featured_media":17617,"comment_status":"closed","ping_status":"closed","sticky":false,"template":"","format":"standard","meta":{"footnotes":""},"categories":[1],"tags":[],"class_list":["post-17616","post","type-post","status-publish","format-standard","has-post-thumbnail","hentry","category-cronica"],"_links":{"self":[{"href":"https:\/\/www.radiopresidenteibanez.cl\/web\/wp-json\/wp\/v2\/posts\/17616","targetHints":{"allow":["GET"]}}],"collection":[{"href":"https:\/\/www.radiopresidenteibanez.cl\/web\/wp-json\/wp\/v2\/posts"}],"about":[{"href":"https:\/\/www.radiopresidenteibanez.cl\/web\/wp-json\/wp\/v2\/types\/post"}],"author":[{"embeddable":true,"href":"https:\/\/www.radiopresidenteibanez.cl\/web\/wp-json\/wp\/v2\/users\/2"}],"replies":[{"embeddable":true,"href":"https:\/\/www.radiopresidenteibanez.cl\/web\/wp-json\/wp\/v2\/comments?post=17616"}],"version-history":[{"count":0,"href":"https:\/\/www.radiopresidenteibanez.cl\/web\/wp-json\/wp\/v2\/posts\/17616\/revisions"}],"wp:featuredmedia":[{"embeddable":true,"href":"https:\/\/www.radiopresidenteibanez.cl\/web\/wp-json\/wp\/v2\/media\/17617"}],"wp:attachment":[{"href":"https:\/\/www.radiopresidenteibanez.cl\/web\/wp-json\/wp\/v2\/media?parent=17616"}],"wp:term":[{"taxonomy":"category","embeddable":true,"href":"https:\/\/www.radiopresidenteibanez.cl\/web\/wp-json\/wp\/v2\/categories?post=17616"},{"taxonomy":"post_tag","embeddable":true,"href":"https:\/\/www.radiopresidenteibanez.cl\/web\/wp-json\/wp\/v2\/tags?post=17616"}],"curies":[{"name":"wp","href":"https:\/\/api.w.org\/{rel}","templated":true}]}}