{"id":17613,"date":"2021-01-10T02:30:00","date_gmt":"2021-01-10T02:30:00","guid":{"rendered":"https:\/\/www.radiopresidenteibanez.cl\/web\/?p=17613"},"modified":"2021-01-09T16:50:33","modified_gmt":"2021-01-09T16:50:33","slug":"analisis-con-mapas-de-calor-con-aumento-y-concentracion-de-casos-entregan-la-vision-para-programar-las-busquedas-activas-de-casos-bac-en-magallanes","status":"publish","type":"post","link":"https:\/\/www.radiopresidenteibanez.cl\/web\/analisis-con-mapas-de-calor-con-aumento-y-concentracion-de-casos-entregan-la-vision-para-programar-las-busquedas-activas-de-casos-bac-en-magallanes\/","title":{"rendered":"AN\u00c1LISIS CON MAPAS DE CALOR CON AUMENTO Y CONCENTRACION DE CASOS, ENTREGAN LA VISI\u00d3N PARA PROGRAMAR LAS BUSQUEDAS ACTIVAS DE CASOS (BAC) EN MAGALLANES"},"content":{"rendered":"\n<p>El objetivo de las jornadas de\nB\u00fasqueda Activa de Casos (BAC) es fortalecer la estrategia de testeo,\nfacilitando a la comunidad el poder realizarse el examen PCR fuera de los\ncentros de salud, y as\u00ed permitir el diagn\u00f3stico precoz de la enfermedad.<\/p>\n\n\n\n<p>Es por ello que resulta fundamental\nque los lugares donde se realizan estas jornadas concuerden con los puntos\nestrat\u00e9gicos, mapas de calor o zonas con mayor movilidad y\/o circulaci\u00f3n viral,\npara as\u00ed poder, de manera m\u00e1s certera, testear a personas asintom\u00e1ticas, instruir\naislamiento y cortar la cadena de transmisi\u00f3n. <\/p>\n\n\n\n<p>Semanalmente un equipo de\nprofesionales de la Seremi de Salud Magallanes, compuesto por una enfermera y\nun ge\u00f3grafo realizan un an\u00e1lisis territorial del comportamiento de la pandemia\nen la regi\u00f3n y as\u00ed poder definir lugares para operativos de toma de examen PCR.\n<\/p>\n\n\n\n<p>Para esta acci\u00f3n territorial, se\nincorporan en el an\u00e1lisis: sectores lineales con gran cantidad de casos,\nsectores con concentraci\u00f3n de casos y sectores sin casos durante los 11 \u00faltimos\nd\u00edas (en relaci\u00f3n a semanas epidemiol\u00f3gicas), teniendo en consideraci\u00f3n la\nposibilidad de encontrar casos ocultos en estos sectores, como medida\npreventiva, para las diversas comunas de la regi\u00f3n<\/p>\n\n\n\n<p>Sobre la situaci\u00f3n actual en las dos\ncomunas m\u00e1s grandes de la regi\u00f3n de Magallanes, el Seremi (s) Eduardo Castillo\nse\u00f1al\u00f3 que: \u201cEn Punta Arenas, de los casos confirmados georreferenciados\ndurante la \u00faltima semana del 2020 hasta el 3 de enero del 2021, correspondiente\na la semana epidemiol\u00f3gica n\u00b053 y asociado a los mapas de calor que concentran\nlos casos activos, se puede visualizar dos focos de casos positivos, vinculados\ncon el sector noroeste de la capital regional\u201d, agregando que de las 1.746\nmanzanas existentes en la capital regional, un 13.3% poseen casos positivos a\ncoronavirus.&nbsp; En tanto, la concentraci\u00f3n\nde casos por brote&nbsp; o cluster familiar\nconcentran en el sector oeste de la ciudad, y en segundo lugar, en el sector\nsur.<\/p>\n\n\n\n<p>En relaci\u00f3n a la concentraci\u00f3n de\ncasos en la comuna de Puerto Natales, la mayor concentraci\u00f3n de casos se\nproduce en el sector sur oriente de la capital de \u00daltima Esperanza y con nuevos\ncasos en el \u00e1rea rural de la ciudad.<\/p>\n\n\n\n<p>De acuerdo al mapa de calor en Puerto\nNatales, se puede se\u00f1alar una fragmentaci\u00f3n de focos repartidas en diversos\nsectores de la ciudad, de mayor o menor intensidad, principalmente en el sector\nnorte y c\u00e9ntrico.<\/p>\n\n\n\n<p>Cabe se\u00f1alar que existen 60 manzanas\ncon casos positivos, de un total de 364 manzanas existentes, aumentando en 22\nmanzanas censales en relaci\u00f3n a reporte anterior, lo que representan un 16,5%\ndel total.<\/p>\n\n\n\n<p>\u201cEs importante se\u00f1alar que toda la\ninformaci\u00f3n obtenida en base a los estudios y an\u00e1lisis semanales, permite a la\nAutoridad Sanitaria efectuar diversos estudios, que guiar\u00e1n futuras acciones,\nentre esas la ubicaci\u00f3n territorial de las pr\u00f3ximas jornadas BAC pero tambi\u00e9n\nnos recuerda que la presencia de virus ha aumentado lo que nos hace reiterar el\nmensaje de ser preventivos y aplicar todas las medidas preventivas. Detener el\ncoronavirus es tarea de todos\u201d, finaliz\u00f3 la Autoridad Sanitaria. <\/p>\n","protected":false},"excerpt":{"rendered":"<p>El objetivo de las jornadas de B\u00fasqueda Activa de Casos (BAC) es fortalecer la estrategia de testeo, facilitando a la comunidad el poder realizarse el examen PCR fuera de los&#8230; <a class=\"read-more\" href=\"https:\/\/www.radiopresidenteibanez.cl\/web\/analisis-con-mapas-de-calor-con-aumento-y-concentracion-de-casos-entregan-la-vision-para-programar-las-busquedas-activas-de-casos-bac-en-magallanes\/\">Leer m\u00e1s<\/a><\/p>\n","protected":false},"author":2,"featured_media":17614,"comment_status":"closed","ping_status":"closed","sticky":false,"template":"","format":"standard","meta":{"footnotes":""},"categories":[1],"tags":[],"class_list":["post-17613","post","type-post","status-publish","format-standard","has-post-thumbnail","hentry","category-cronica"],"_links":{"self":[{"href":"https:\/\/www.radiopresidenteibanez.cl\/web\/wp-json\/wp\/v2\/posts\/17613","targetHints":{"allow":["GET"]}}],"collection":[{"href":"https:\/\/www.radiopresidenteibanez.cl\/web\/wp-json\/wp\/v2\/posts"}],"about":[{"href":"https:\/\/www.radiopresidenteibanez.cl\/web\/wp-json\/wp\/v2\/types\/post"}],"author":[{"embeddable":true,"href":"https:\/\/www.radiopresidenteibanez.cl\/web\/wp-json\/wp\/v2\/users\/2"}],"replies":[{"embeddable":true,"href":"https:\/\/www.radiopresidenteibanez.cl\/web\/wp-json\/wp\/v2\/comments?post=17613"}],"version-history":[{"count":0,"href":"https:\/\/www.radiopresidenteibanez.cl\/web\/wp-json\/wp\/v2\/posts\/17613\/revisions"}],"wp:featuredmedia":[{"embeddable":true,"href":"https:\/\/www.radiopresidenteibanez.cl\/web\/wp-json\/wp\/v2\/media\/17614"}],"wp:attachment":[{"href":"https:\/\/www.radiopresidenteibanez.cl\/web\/wp-json\/wp\/v2\/media?parent=17613"}],"wp:term":[{"taxonomy":"category","embeddable":true,"href":"https:\/\/www.radiopresidenteibanez.cl\/web\/wp-json\/wp\/v2\/categories?post=17613"},{"taxonomy":"post_tag","embeddable":true,"href":"https:\/\/www.radiopresidenteibanez.cl\/web\/wp-json\/wp\/v2\/tags?post=17613"}],"curies":[{"name":"wp","href":"https:\/\/api.w.org\/{rel}","templated":true}]}}