{"id":17584,"date":"2021-01-09T02:15:00","date_gmt":"2021-01-09T02:15:00","guid":{"rendered":"https:\/\/www.radiopresidenteibanez.cl\/web\/?p=17584"},"modified":"2021-01-08T14:16:32","modified_gmt":"2021-01-08T14:16:32","slug":"positiva-evaluacion-de-primer-mes-del-mamografo-movil-en-magallanes","status":"publish","type":"post","link":"https:\/\/www.radiopresidenteibanez.cl\/web\/positiva-evaluacion-de-primer-mes-del-mamografo-movil-en-magallanes\/","title":{"rendered":"POSITIVA EVALUACI\u00d3N DE PRIMER MES DEL MAM\u00d3GRAFO M\u00d3VIL EN MAGALLANES"},"content":{"rendered":"\n<p>190\nmagall\u00e1nicas accedieron durante el mes de diciembre a una mamograf\u00eda, gracias a\nla puesta en marcha del mam\u00f3grafo m\u00f3vil del Servicio de Salud Magallanes;\ndispositivo cuyo objetivo es brindar resoluci\u00f3n a las mujeres que, cumpliendo\nlos criterios de acceso, se encuentran en lista de espera.<\/p>\n\n\n\n<p>Al\nrespecto, la Subdirectora de Atenci\u00f3n Primaria (APS) del organismo, Klga.\nVer\u00f3nica Y\u00e1\u00f1ez, coment\u00f3 que la gesti\u00f3n del primer mes de atenciones del m\u00f3vil,\nconsider\u00f3 visitas a las comunas de Puerto Natales, Porvenir y Torres del Paine,\nadem\u00e1s de su despliegue en Punta Arenas.<strong>\n<\/strong>\u201cComo Servicio de Salud estamos muy contentos\npor el trabajo realizado por el equipo del mam\u00f3grafo m\u00f3vil, considerando que estamos\nbrindado una respuesta concreta a las mujeres de nuestra regi\u00f3n\u201d, indic\u00f3.<\/p>\n\n\n\n<p>Agregando\nque, \u201cde las 190 mamograf\u00edas realizadas, 68 corresponden a Porvenir, 60 a\nPuerto Natales, 20 a Torres del Paine y 36 a Punta Arenas; adem\u00e1s un 66%, es\ndecir 126, fueron ex\u00e1menes realizados a mujeres dentro del rango de 50 a 69\na\u00f1os, que corresponden a nuestro primer grupo objetivo\u201d, puntualiz\u00f3 la\nsubdirectora de APS.<\/p>\n\n\n\n<p>De\nigual forma, el director del organismo, Nelson Reyes, se mostr\u00f3 satisfecho con\nlos resultados alcanzados, se\u00f1alando que esta estrategia lleg\u00f3 a la regi\u00f3n para\nquedarse, siendo la Subdirecci\u00f3n de APS, la encargada de coordinar y calendarizar\nel trabajo del m\u00f3vil con los distintos establecimientos de salud.<\/p>\n\n\n\n<p>\u201cCon\neste dispositivo, definitivamente mejoramos el acceso y aumentamos nuestra\ncobertura, por lo que durante el mes de enero el mam\u00f3grafo atender\u00e1 en Punta\nArenas, entre los d\u00edas 11 y 15, para luego trasladarse a Puerto Williams &#8211;\nentre el 19 y 29 \u2013 a fin de brindar atenci\u00f3n a 160 mujeres de la provincia Ant\u00e1rtica.\nDurante febrero, se tiene contemplado el despliegue en las comunas de Rio\nVerde, San Gregorio, Laguna Blanca y Punta Arenas, pero debemos se\u00f1alar que\ncomo son fechas tentativas, pueden sufrir modificaciones\u201d<strong>,<\/strong> indic\u00f3 la\nautoridad.<\/p>\n\n\n\n<p>Agregando\nel director Reyes que, uno de los desaf\u00edos de su gesti\u00f3n para el a\u00f1o 2021, ser\u00e1\nacercar la atenci\u00f3n de salud a la comunidad en su territorio, garantizando el acceso\noportuno y potenciando a los programas con mayor trabajo en terreno.<\/p>\n\n\n\n<p>Recordar\nque la implementaci\u00f3n del dispositivo m\u00f3vil, se contextualiza en el programa de\nIm\u00e1genes Diagn\u00f3sticas del Ministerio de Salud y, su importancia radica en la\nnecesidad de acercar el diagn\u00f3stico precoz y oportuno de c\u00e1ncer de mama a las\nmujeres de la regi\u00f3n de Magallanes.<\/p>\n\n\n\n<p>Se\u00f1alar\nque los criterios para acceder a atenci\u00f3n consideran, mujeres desde los 40\na\u00f1os, con \u00e9nfasis en las de 50 a 69 a\u00f1os, por el mayor riesgo de c\u00e1ncer en ese\ngrupo etario; mujeres de otras edades, con factores de riesgo identificados por\nm\u00e9dico o matrona; mujeres que requieran iniciar Terapia de reposici\u00f3n Hormonal\n(menopausia) y el estar en control en alg\u00fan centro de Atenci\u00f3n Primaria de\nSalud APS (CESFAM, CECOSF, PSR y Hospitales comunitarios). <\/p>\n\n\n\n<p>En Chile, el c\u00e1ncer de mama es la primera causa de muerte\nentre las mujeres y, desde el a\u00f1o 2005, con el inicio del primer r\u00e9gimen de Garant\u00edas\nExplicitas en Salud GES, se encuentra garantizado, permitiendo mejorar el\nacceso a detecci\u00f3n, diagn\u00f3stico y tratamiento.<\/p>\n","protected":false},"excerpt":{"rendered":"<p>190 magall\u00e1nicas accedieron durante el mes de diciembre a una mamograf\u00eda, gracias a la puesta en marcha del mam\u00f3grafo m\u00f3vil del Servicio de Salud Magallanes; dispositivo cuyo objetivo es brindar&#8230; <a class=\"read-more\" href=\"https:\/\/www.radiopresidenteibanez.cl\/web\/positiva-evaluacion-de-primer-mes-del-mamografo-movil-en-magallanes\/\">Leer m\u00e1s<\/a><\/p>\n","protected":false},"author":2,"featured_media":17585,"comment_status":"closed","ping_status":"closed","sticky":false,"template":"","format":"standard","meta":{"footnotes":""},"categories":[1],"tags":[],"class_list":["post-17584","post","type-post","status-publish","format-standard","has-post-thumbnail","hentry","category-cronica"],"_links":{"self":[{"href":"https:\/\/www.radiopresidenteibanez.cl\/web\/wp-json\/wp\/v2\/posts\/17584","targetHints":{"allow":["GET"]}}],"collection":[{"href":"https:\/\/www.radiopresidenteibanez.cl\/web\/wp-json\/wp\/v2\/posts"}],"about":[{"href":"https:\/\/www.radiopresidenteibanez.cl\/web\/wp-json\/wp\/v2\/types\/post"}],"author":[{"embeddable":true,"href":"https:\/\/www.radiopresidenteibanez.cl\/web\/wp-json\/wp\/v2\/users\/2"}],"replies":[{"embeddable":true,"href":"https:\/\/www.radiopresidenteibanez.cl\/web\/wp-json\/wp\/v2\/comments?post=17584"}],"version-history":[{"count":0,"href":"https:\/\/www.radiopresidenteibanez.cl\/web\/wp-json\/wp\/v2\/posts\/17584\/revisions"}],"wp:featuredmedia":[{"embeddable":true,"href":"https:\/\/www.radiopresidenteibanez.cl\/web\/wp-json\/wp\/v2\/media\/17585"}],"wp:attachment":[{"href":"https:\/\/www.radiopresidenteibanez.cl\/web\/wp-json\/wp\/v2\/media?parent=17584"}],"wp:term":[{"taxonomy":"category","embeddable":true,"href":"https:\/\/www.radiopresidenteibanez.cl\/web\/wp-json\/wp\/v2\/categories?post=17584"},{"taxonomy":"post_tag","embeddable":true,"href":"https:\/\/www.radiopresidenteibanez.cl\/web\/wp-json\/wp\/v2\/tags?post=17584"}],"curies":[{"name":"wp","href":"https:\/\/api.w.org\/{rel}","templated":true}]}}