{"id":17463,"date":"2021-01-04T13:54:50","date_gmt":"2021-01-04T13:54:50","guid":{"rendered":"https:\/\/www.radiopresidenteibanez.cl\/web\/?p=17463"},"modified":"2021-01-04T13:54:55","modified_gmt":"2021-01-04T13:54:55","slug":"masiva-participacion-de-votantes-en-la-consulta-ciudadana-dejo-como-ganador-a-arturo-diaz","status":"publish","type":"post","link":"https:\/\/www.radiopresidenteibanez.cl\/web\/masiva-participacion-de-votantes-en-la-consulta-ciudadana-dejo-como-ganador-a-arturo-diaz\/","title":{"rendered":"MASIVA PARTICIPACI\u00d3N DE VOTANTES EN LA CONSULTA CIUDADANA DEJ\u00d3 COMO GANADOR A ARTURO D\u00cdAZ"},"content":{"rendered":"\n<p>Durante la jornada de este domingo, 3 de enero, se realiz\u00f3\nla Consulta Ciudadana de los partidos de la oposici\u00f3n, la que enfrent\u00f3 a\nVer\u00f3nica Aguilar (PPD-PRO), Pablo Bussenius (PS), Arturo D\u00edaz (CS-PC) y Juan\nMorano (DC), en la ocasi\u00f3n, participaron m\u00e1s de 3 mil 500 votantes que se\ndistribuyeron en los 19 locales de votaci\u00f3n que se habilitaron para esta\noportunidad.<\/p>\n\n\n\n<p>En la ocasi\u00f3n el candidato frenteamplista se impuso con un\n32.2% de los votos, seguido por un 28.3% de Ver\u00f3nica Aguilar (PPD), 22% de Juan\nMorano (DC) y 17.6% de Pablo Bussenius (PS).<\/p>\n\n\n\n<p>Tras conocerse la victoria, D\u00edaz se\u00f1al\u00f3 que \u00abestamos\ndando un ejemplo a todo Chile, de que es posible poner nuestras diferencias de\nlado y trabajar unidos, de cara a la ciudadan\u00eda para empujar los cambios que\nhemos exigido en las calles\u00bb. El ahora candidato unitario de la oposici\u00f3n\nfelicit\u00f3 a las dem\u00e1s candidaturas que compitieron en las primarias ciudadana he\nhizo un llamado a la ciudadan\u00eda a activarse de cara a las elecciones de abril\npr\u00f3ximo. \u00abNosotros siempre dijimos que esta era una campa\u00f1a con los pies\nen la calle, y as\u00ed va a seguir siendo. Un municipio construido con la\nciudadan\u00eda, en terreno, que enfrente los abusos y la desigualdad. Necesitamos\nmuchas cabezas, manos y corazones para recuperar la municipalidad\u00bb,\nsentenci\u00f3.<\/p>\n\n\n\n<p>Cabe mencionar, que en las elecciones de abril D\u00edaz se\npodr\u00eda enfrentar a Claudio Radonich y Luis Legaza.<\/p>\n","protected":false},"excerpt":{"rendered":"<p>Durante la jornada de este domingo, 3 de enero, se realiz\u00f3 la Consulta Ciudadana de los partidos de la oposici\u00f3n, la que enfrent\u00f3 a Ver\u00f3nica Aguilar (PPD-PRO), Pablo Bussenius (PS),&#8230; <a class=\"read-more\" href=\"https:\/\/www.radiopresidenteibanez.cl\/web\/masiva-participacion-de-votantes-en-la-consulta-ciudadana-dejo-como-ganador-a-arturo-diaz\/\">Leer m\u00e1s<\/a><\/p>\n","protected":false},"author":2,"featured_media":17464,"comment_status":"closed","ping_status":"closed","sticky":false,"template":"","format":"standard","meta":{"footnotes":""},"categories":[5],"tags":[],"class_list":["post-17463","post","type-post","status-publish","format-standard","has-post-thumbnail","hentry","category-politica"],"_links":{"self":[{"href":"https:\/\/www.radiopresidenteibanez.cl\/web\/wp-json\/wp\/v2\/posts\/17463","targetHints":{"allow":["GET"]}}],"collection":[{"href":"https:\/\/www.radiopresidenteibanez.cl\/web\/wp-json\/wp\/v2\/posts"}],"about":[{"href":"https:\/\/www.radiopresidenteibanez.cl\/web\/wp-json\/wp\/v2\/types\/post"}],"author":[{"embeddable":true,"href":"https:\/\/www.radiopresidenteibanez.cl\/web\/wp-json\/wp\/v2\/users\/2"}],"replies":[{"embeddable":true,"href":"https:\/\/www.radiopresidenteibanez.cl\/web\/wp-json\/wp\/v2\/comments?post=17463"}],"version-history":[{"count":0,"href":"https:\/\/www.radiopresidenteibanez.cl\/web\/wp-json\/wp\/v2\/posts\/17463\/revisions"}],"wp:featuredmedia":[{"embeddable":true,"href":"https:\/\/www.radiopresidenteibanez.cl\/web\/wp-json\/wp\/v2\/media\/17464"}],"wp:attachment":[{"href":"https:\/\/www.radiopresidenteibanez.cl\/web\/wp-json\/wp\/v2\/media?parent=17463"}],"wp:term":[{"taxonomy":"category","embeddable":true,"href":"https:\/\/www.radiopresidenteibanez.cl\/web\/wp-json\/wp\/v2\/categories?post=17463"},{"taxonomy":"post_tag","embeddable":true,"href":"https:\/\/www.radiopresidenteibanez.cl\/web\/wp-json\/wp\/v2\/tags?post=17463"}],"curies":[{"name":"wp","href":"https:\/\/api.w.org\/{rel}","templated":true}]}}