{"id":17461,"date":"2021-01-04T13:49:37","date_gmt":"2021-01-04T13:49:37","guid":{"rendered":"https:\/\/www.radiopresidenteibanez.cl\/web\/?p=17461"},"modified":"2021-01-04T13:49:41","modified_gmt":"2021-01-04T13:49:41","slug":"la-avalancha-electoral-por-ernesto-sepulveda-tornero","status":"publish","type":"post","link":"https:\/\/www.radiopresidenteibanez.cl\/web\/la-avalancha-electoral-por-ernesto-sepulveda-tornero\/","title":{"rendered":"\u201cLA AVALANCHA ELECTORAL\u201d por Ernesto Sep\u00falveda Tornero"},"content":{"rendered":"\n<p>&nbsp;&nbsp;&nbsp;&nbsp;&nbsp;&nbsp;&nbsp;&nbsp;&nbsp;&nbsp;&nbsp;&nbsp;&nbsp;&nbsp;&nbsp;&nbsp;&nbsp;&nbsp;&nbsp;&nbsp;\nSin mucho buen juicio, y apelando en todo momento a las mas variadas\nrazones, nuestras autoridades pol\u00edticas, postergaron varios eventos electorales\nde 2020, los que terminaron indefectiblemente en el 2021. Es as\u00ed, que nos vemos\nya enfrentados a las m\u00e1s variadas convocatorias, todas de suma importancia, las\nque por angas o por mangas, terminaron amonton\u00e1ndose en el nuevo a\u00f1o. Las vamos\na enumerar, para que nadie se quede sin participar, o sin saberlo, al menos. 11\nde enero: plazo final para inscripci\u00f3n de candidaturas, y 11 de abril:\nelecciones generales (gobernadores regionales, alcaldes, concejales,\nconvencionales constituyentes)<\/p>\n\n\n\n<p>5 de mayo: plazo final para inscripci\u00f3n de candidatos\npresidenciales<\/p>\n\n\n\n<p>9 de mayo: eventual segunda vuelta de gobernadores regionales<\/p>\n\n\n\n<p>4 de julio: primarias presidenciales<\/p>\n\n\n\n<p>21 de noviembre: elecciones generales (presidente, senadores,\ndiputados, consejeros regionales)<\/p>\n\n\n\n<p>19 de diciembre: eventual segunda vuelta presidencial<\/p>\n\n\n\n<p>&nbsp;&nbsp;&nbsp;&nbsp;&nbsp;&nbsp;&nbsp;&nbsp;&nbsp;&nbsp;&nbsp;&nbsp;&nbsp;&nbsp;&nbsp;&nbsp;&nbsp;&nbsp;&nbsp;&nbsp;&nbsp;&nbsp;&nbsp; A\neste calendario se suman otras votaciones, que son acordadas o convenidas por\nlos partidos o movimientos sociales. De las cuales s\u00f3lo en Magallanes, ya se\nhan efectuado dos. Una para elegir a candidatos, para una lista de las listas\nde independientes, a la convenci\u00f3n constituyente. La otra se efectu\u00f3 este\ndomingo, para elegir al candidato a alcalde de la oposici\u00f3n en Punta Arenas. <\/p>\n\n\n\n<p>&nbsp;&nbsp;&nbsp;&nbsp;&nbsp;&nbsp;&nbsp;&nbsp;&nbsp;&nbsp;&nbsp;&nbsp;&nbsp;&nbsp;&nbsp;&nbsp;&nbsp;&nbsp;&nbsp;&nbsp;&nbsp;&nbsp;&nbsp; Hay\nque reconocer, que al menos en Magallanes, nos gusta esto de ir a votar.\nIncluso a las votaciones convencionales, va m\u00ednimo 4 mil personas y de ah\u00ed para\narriba. En esta ocasi\u00f3n se hizo con el triunfo el concejal del FA, Arturo Diaz.\nEs digno de destacar el esp\u00edritu c\u00edvico, personas haciendo la fila, fuera de\nlos locales de las JJVV, con viento y chubascos ocasionales. No hay caso, nos\ngusta participar. Ya ser\u00e1 hora de que quienes asumen las candidaturas,\nrespondan al inter\u00e9s y entusiasmo de la gente. Lo que menos se necesita es liderazgos\npopulistas o desp\u00f3ticos, de esos ha habido ya, y no nos gustan.<\/p>\n\n\n\n<p>&nbsp;&nbsp;&nbsp;&nbsp;&nbsp;&nbsp;&nbsp;&nbsp;&nbsp;&nbsp;&nbsp;&nbsp;&nbsp;&nbsp;&nbsp;&nbsp;&nbsp;&nbsp;&nbsp;&nbsp;&nbsp;&nbsp;&nbsp; Quiz\u00e1s\nel desaf\u00edo mas importante que enfrentamos, como pa\u00eds, es valorar adecuadamente\nel sistema democr\u00e1tico. Hemos iniciado un proceso constituyente, que requiere\nde buenos candidatos, gente honesta y trabajadora, emprendedores, gente de la\nciencia y la cultura. No s\u00f3lo pol\u00edticos profesionales. Lamentablemente, el plazo\nde inscripci\u00f3n de candidaturas vence, muy pronto, el 11 de enero. Y con toda\nseguridad, habr\u00e1 muchos que quedar\u00e1n sin inscribir candidaturas, por no cumplir\ncon el n\u00famero de firmas. Se avanz\u00f3 mucho en ese plano, s\u00f3lo se exig\u00eda\npatrocinios electr\u00f3nicos, a trav\u00e9s de la clave \u00fanica. No se obligaba a\nconcurrir a un notario, somo s\u00ed se exige para patrocinar candidaturas a los\ndem\u00e1s cargos de elecci\u00f3n popular. Pero a\u00fan con esa facilidad, muchas personas\nque no militan en partidos, y quisieron inscribirse, van a quedar en la\nestacada. Esto nos lleva a pensar, que se requiere una mayor valoraci\u00f3n del\nsistema de partidos pol\u00edticos. Ellos son los \u00f3rganos encargados de canalizar la\nparticipaci\u00f3n ciudadana. No militar est\u00e1 bien, nadie est\u00e1 obligado, y en buena\nhora, existe libertad de afiliaci\u00f3n. Pero, el s\u00f3lo hecho de no tener militancia\npol\u00edtica, no otorga ninguna credencial, ni virtud especial. Y las personas\ndeber\u00e1n ganarse su espacio en la vida p\u00fablica, a trav\u00e9s de su participaci\u00f3n\nactiva, sea militando en partidos, o en movimientos sociales, en gremios, u\notros. La vida pol\u00edtica de un pa\u00eds, con un sistema democr\u00e1tico se nutre de esa\nparticipaci\u00f3n. Ninguna autoridad pol\u00edtica, adquiere esa condici\u00f3n ni por\nherencia, ni por la gran fortuna que posee. Y, asimismo, ning\u00fan vecino por\nsimp\u00e1tico o bien intencionado que sea, llegar\u00e1 al concejo municipal, o a la\nconvenci\u00f3n constituyente, si no re\u00fane los votos suficientes.<\/p>\n\n\n\n<p>&nbsp;&nbsp;&nbsp;&nbsp;&nbsp;&nbsp;&nbsp;&nbsp;&nbsp;&nbsp;&nbsp;&nbsp;&nbsp;&nbsp;&nbsp;&nbsp;&nbsp;&nbsp;&nbsp;&nbsp;&nbsp;&nbsp;&nbsp; En\nel tiempo actual, vemos que en redes sociales se ataca sin piedad, a unos por\nser \u201camarillos\u201d, ex concerta, otros por ser defensores del sistema neoliberal,\notros por no ser lo suficientemente radicales o revolucionarios. Disputas\nbizantinas, acerca de quien o quienes son los que realmente encarnan al pueblo.\nDiscusiones que en el pasado ya se dieron, con igual vehemencia, e incluso con\nencono. S\u00f3lo a un destino conducen, al de la dispersi\u00f3n y desintegraci\u00f3n de las\nfuerzas pol\u00edticas. La idea de una sociedad de derechos, seguir\u00e1 siendo una\nutop\u00eda, si no se construyen amplios y s\u00f3lidos acuerdos. No hay nada m\u00e1s\ntransformador que construir colectivamente. En Chile, eso es una exigencia\ntransversal. Quien no quiera o\u00edr, o entender, no conseguir\u00e1 la adhesi\u00f3n\nmayoritaria, que permite alcanzar el poder pol\u00edtico en democracia. <\/p>\n\n\n\n<p>&nbsp;&nbsp;&nbsp;&nbsp;&nbsp;&nbsp;&nbsp;&nbsp;&nbsp;&nbsp;&nbsp;&nbsp;&nbsp;&nbsp;&nbsp;&nbsp;&nbsp;&nbsp;&nbsp;&nbsp;&nbsp;&nbsp;&nbsp; Se\nrequiere oxigenar los ambientes para combatir la pandemia Covid. En pol\u00edtica\npasa lo mismo. No hay mejor antiviral, que una buena participaci\u00f3n electoral. Pero\nnecesitamos entusiasmarnos, enganchar con alguien que nos mueva. Y yo creo que\nesa persona est\u00e1. Una cara nueva, como lo pide la gente, una mujer joven y\nempe\u00f1osa. Una persona con experiencia, pero con una mirada integradora. Una\npersona que nos permita encantarnos de nuevo con lo p\u00fablico, un liderazgo\ntransversal, que se libere de las etiquetas del pasado. Que nos entregue una\nalternativa, capaz de mirar m\u00e1s all\u00e1 de la confrontaci\u00f3n y polarizaci\u00f3n actual,\ny nos permita eso que Chile tanto necesita, el re encuentro, la reconstrucci\u00f3n\nde confianzas, y de la amistad c\u00edvica. <\/p>\n\n\n\n<p>&nbsp;&nbsp;&nbsp;&nbsp;&nbsp;&nbsp;&nbsp;&nbsp;&nbsp;&nbsp;&nbsp;&nbsp;&nbsp;&nbsp;&nbsp;&nbsp;&nbsp;&nbsp;&nbsp;&nbsp;&nbsp;&nbsp;&nbsp; Partiendo\nel a\u00f1o, ya con una votaci\u00f3n en el cuerpo, esperanzado en que florezca la opci\u00f3n\nde esta persona tan especial. Y tengamos pronto, a Paula Narv\u00e1ez, como\ncandidata presidencial.<\/p>\n\n\n\n<p>Ernesto Sep\u00falveda Tornero.<\/p>\n","protected":false},"excerpt":{"rendered":"<p>&nbsp;&nbsp;&nbsp;&nbsp;&nbsp;&nbsp;&nbsp;&nbsp;&nbsp;&nbsp;&nbsp;&nbsp;&nbsp;&nbsp;&nbsp;&nbsp;&nbsp;&nbsp;&nbsp;&nbsp; Sin mucho buen juicio, y apelando en todo momento a las mas variadas razones, nuestras autoridades pol\u00edticas, postergaron varios eventos electorales de 2020, los que terminaron indefectiblemente en el&#8230; <a class=\"read-more\" href=\"https:\/\/www.radiopresidenteibanez.cl\/web\/la-avalancha-electoral-por-ernesto-sepulveda-tornero\/\">Leer m\u00e1s<\/a><\/p>\n","protected":false},"author":2,"featured_media":2310,"comment_status":"closed","ping_status":"closed","sticky":false,"template":"","format":"standard","meta":{"footnotes":""},"categories":[1],"tags":[],"class_list":["post-17461","post","type-post","status-publish","format-standard","has-post-thumbnail","hentry","category-cronica"],"_links":{"self":[{"href":"https:\/\/www.radiopresidenteibanez.cl\/web\/wp-json\/wp\/v2\/posts\/17461","targetHints":{"allow":["GET"]}}],"collection":[{"href":"https:\/\/www.radiopresidenteibanez.cl\/web\/wp-json\/wp\/v2\/posts"}],"about":[{"href":"https:\/\/www.radiopresidenteibanez.cl\/web\/wp-json\/wp\/v2\/types\/post"}],"author":[{"embeddable":true,"href":"https:\/\/www.radiopresidenteibanez.cl\/web\/wp-json\/wp\/v2\/users\/2"}],"replies":[{"embeddable":true,"href":"https:\/\/www.radiopresidenteibanez.cl\/web\/wp-json\/wp\/v2\/comments?post=17461"}],"version-history":[{"count":0,"href":"https:\/\/www.radiopresidenteibanez.cl\/web\/wp-json\/wp\/v2\/posts\/17461\/revisions"}],"wp:featuredmedia":[{"embeddable":true,"href":"https:\/\/www.radiopresidenteibanez.cl\/web\/wp-json\/wp\/v2\/media\/2310"}],"wp:attachment":[{"href":"https:\/\/www.radiopresidenteibanez.cl\/web\/wp-json\/wp\/v2\/media?parent=17461"}],"wp:term":[{"taxonomy":"category","embeddable":true,"href":"https:\/\/www.radiopresidenteibanez.cl\/web\/wp-json\/wp\/v2\/categories?post=17461"},{"taxonomy":"post_tag","embeddable":true,"href":"https:\/\/www.radiopresidenteibanez.cl\/web\/wp-json\/wp\/v2\/tags?post=17461"}],"curies":[{"name":"wp","href":"https:\/\/api.w.org\/{rel}","templated":true}]}}