{"id":17459,"date":"2021-01-04T13:48:07","date_gmt":"2021-01-04T13:48:07","guid":{"rendered":"https:\/\/www.radiopresidenteibanez.cl\/web\/?p=17459"},"modified":"2021-01-04T13:48:13","modified_gmt":"2021-01-04T13:48:13","slug":"diputada-amar-destaca-con-importante-cantidad-de-proyectos-de-ley-presentados-durante-el-ano-2020","status":"publish","type":"post","link":"https:\/\/www.radiopresidenteibanez.cl\/web\/diputada-amar-destaca-con-importante-cantidad-de-proyectos-de-ley-presentados-durante-el-ano-2020\/","title":{"rendered":"DIPUTADA AMAR DESTACA CON IMPORTANTE CANTIDAD DE PROYECTOS DE LEY PRESENTADOS DURANTE EL A\u00d1O 2020"},"content":{"rendered":"\n<p>Ratificando su compromiso con la Regi\u00f3n de Magallanes, la\ndiputada Sandra Amar, destac\u00f3 en el a\u00f1o 2020 como la parlamentaria de la zona\ncon la mayor cantidad de proyectos de ley presentados en el periodo legislativo,\ndando cuenta del trabajo destinado habitantes magall\u00e1nicos.<\/p>\n\n\n\n<p>Lo anterior de acuerdo con las cifras oficiales de la\nC\u00e1mara de Diputados, donde adem\u00e1s la diputada Amar figura con 34 proyectos de\nresoluci\u00f3n y un 97,02% de asistencia, adem\u00e1s de 33 proyectos de ley que la\nlegisladora present\u00f3 desde el 1 de enero del a\u00f1o reci\u00e9n pasado hasta fines de\n2020, ubic\u00e1ndola en el primer lugar por sobre sus compa\u00f1eros de distrito. <\/p>\n\n\n\n<p>\u201cEste no ha sido un a\u00f1o f\u00e1cil para el pa\u00eds, y por ello he\ntrabajado en iniciativas que vayan en a apoyo a mi regi\u00f3n y a todos los\nchilenos, con el fin de salir adelante durante esta pandemia que ha dejado a\nmiles de chilenos sin trabajo\u201d, dijo la legisladora.<\/p>\n\n\n\n<p>Pandemia, Seguridad, Salud, Educaci\u00f3n, Derechos de los\nConsumidores, Adulto Mayores, discapacidad son los principales temas que abord\u00f3\nla diputada Sandra Amar en sus proyectos de ley, quien adem\u00e1s cuenta con 95\nmociones presentadas desde que se inici\u00f3 el periodo legislativo en marzo de\n2018. <\/p>\n\n\n\n<p>\u201cTerminamos un a\u00f1o 2019 con un estallido social que nos\nhizo replantearnos muchas cosas, y partimos con un 2020 que nos azot\u00f3 con una\npandemia, en que muchos chilenos lo han pasado mal. Pero ahora estamos seguros\nde que saldremos airosos, con empleo y salud para nuestra poblaci\u00f3n y que este 2021\nser\u00e1 mucho mejor que el a\u00f1o que reci\u00e9n termin\u00f3\u201d, finaliz\u00f3 la diputada Sandra\nAmar<\/p>\n","protected":false},"excerpt":{"rendered":"<p>Ratificando su compromiso con la Regi\u00f3n de Magallanes, la diputada Sandra Amar, destac\u00f3 en el a\u00f1o 2020 como la parlamentaria de la zona con la mayor cantidad de proyectos de&#8230; <a class=\"read-more\" href=\"https:\/\/www.radiopresidenteibanez.cl\/web\/diputada-amar-destaca-con-importante-cantidad-de-proyectos-de-ley-presentados-durante-el-ano-2020\/\">Leer m\u00e1s<\/a><\/p>\n","protected":false},"author":2,"featured_media":12256,"comment_status":"closed","ping_status":"closed","sticky":false,"template":"","format":"standard","meta":{"footnotes":""},"categories":[1],"tags":[],"class_list":["post-17459","post","type-post","status-publish","format-standard","has-post-thumbnail","hentry","category-cronica"],"_links":{"self":[{"href":"https:\/\/www.radiopresidenteibanez.cl\/web\/wp-json\/wp\/v2\/posts\/17459","targetHints":{"allow":["GET"]}}],"collection":[{"href":"https:\/\/www.radiopresidenteibanez.cl\/web\/wp-json\/wp\/v2\/posts"}],"about":[{"href":"https:\/\/www.radiopresidenteibanez.cl\/web\/wp-json\/wp\/v2\/types\/post"}],"author":[{"embeddable":true,"href":"https:\/\/www.radiopresidenteibanez.cl\/web\/wp-json\/wp\/v2\/users\/2"}],"replies":[{"embeddable":true,"href":"https:\/\/www.radiopresidenteibanez.cl\/web\/wp-json\/wp\/v2\/comments?post=17459"}],"version-history":[{"count":0,"href":"https:\/\/www.radiopresidenteibanez.cl\/web\/wp-json\/wp\/v2\/posts\/17459\/revisions"}],"wp:featuredmedia":[{"embeddable":true,"href":"https:\/\/www.radiopresidenteibanez.cl\/web\/wp-json\/wp\/v2\/media\/12256"}],"wp:attachment":[{"href":"https:\/\/www.radiopresidenteibanez.cl\/web\/wp-json\/wp\/v2\/media?parent=17459"}],"wp:term":[{"taxonomy":"category","embeddable":true,"href":"https:\/\/www.radiopresidenteibanez.cl\/web\/wp-json\/wp\/v2\/categories?post=17459"},{"taxonomy":"post_tag","embeddable":true,"href":"https:\/\/www.radiopresidenteibanez.cl\/web\/wp-json\/wp\/v2\/tags?post=17459"}],"curies":[{"name":"wp","href":"https:\/\/api.w.org\/{rel}","templated":true}]}}