{"id":17454,"date":"2021-01-03T15:49:23","date_gmt":"2021-01-03T15:49:23","guid":{"rendered":"https:\/\/www.radiopresidenteibanez.cl\/web\/?p=17454"},"modified":"2021-01-03T15:49:28","modified_gmt":"2021-01-03T15:49:28","slug":"duelo-en-el-periodismo-nacional-se-apago-la-voz-inconfundible-de-la-destacada-manola-robles","status":"publish","type":"post","link":"https:\/\/www.radiopresidenteibanez.cl\/web\/duelo-en-el-periodismo-nacional-se-apago-la-voz-inconfundible-de-la-destacada-manola-robles\/","title":{"rendered":"DUELO EN EL PERIODISMO NACIONAL: SE APAG\u00d3 LA VOZ INCONFUNDIBLE DE LA DESTACADA MANOLA ROBLES"},"content":{"rendered":"\n<p>La destacada periodista Manola Robles, quien fue una voz\nemblem\u00e1tica de las noticias de Radio Cooperativa durante los tiempos de la\ndictadura y posteriores a ella, muri\u00f3 este domingo tras el agravamiento del\nc\u00e1ncer que prefiri\u00f3 mantener en conocimiento s\u00f3lo de su familia.<\/p>\n\n\n\n<p>Manola Robles lleg\u00f3 a Radio Cooperativa en 1979,\ntransform\u00e1ndose en una de las voces m\u00e1s representativas del equipo de Prensa de\nla emisora, en medio de las protestas masivas contra Pinochet.<\/p>\n\n\n\n<p>Periodista de la Universidad de Chile, tambi\u00e9n fue parte de\nlos equipos de prensa de las radios Agricultura, Chilena y W Radio, as\u00ed como de\nlas revistas Plan, Pol\u00edtica Latinoamericana Nueva y 7 D\u00edas, adem\u00e1s de la\nAgencia EFE y Diario Ya, ambos de Madrid.<\/p>\n\n\n\n<p>Entre los variados reconocimientos a su trayectoria se\ncuentan el III Premio Latinoamericano de Periodismo (1988), Premio de\nPeriodismo Embotelladora Andina (1998), Personaje Radial Archi (1999) y Premio\nUniversidad La Rep\u00fablica (2004).<\/p>\n\n\n\n<p>\u00abLA VERDAD NO SE TRANSA\u00bb<\/p>\n\n\n\n<p>\u00abSimplemente periodista-reportera-entrevistadora. Quiso\nestudiar teatro, no la dejaron. El periodismo era su otro amor\u00bb<\/p>\n\n\n\n<p>As\u00ed se describ\u00eda la propia Manola Robles, quien tras el\nretorno de la democracia acompa\u00f1\u00f3 al Presidente Patricio Aylwin en todas sus giras\npor Europa, Asia y Am\u00e9rica.<\/p>\n\n\n\n<p>Despu\u00e9s inici\u00f3 su labor como agregada de prensa en las\nembajadas de Chile en Argentina y Espa\u00f1a. Luego de retornar a Chile, se integr\u00f3\nen 2011 al equipo de Medios Digitales de Cooperativa.<\/p>\n\n\n\n<p>\u00abLa verdad no se transa\u00bb fue otra de las premisas\nde&nbsp; la recordada Manola Robles, quien\nrenegaba del \u00abperiodismo de reba\u00f1o\u00bb, como lo defini\u00f3. Tambi\u00e9n gustaba\nde trabajar los d\u00edas 1 de enero, para iniciar cada a\u00f1o con trabajo, porque la\ncesant\u00eda tras el golpe militar de 1973 la marc\u00f3.<\/p>\n\n\n\n<p>\u00daLTIMO ADI\u00d3S EN EL TEATRO NACIONAL CHILENO<\/p>\n\n\n\n<p>Los restos de Manola Robles ser\u00e1n velados a partir de ma\u00f1ana en el Teatro Nacional Chileno, ubicado en\u00a0 la galer\u00eda Antonio Varas en Santiago. Habr\u00e1 una ceremonia v\u00eda streaming a trav\u00e9s de Cooperativa.cl, encabezada por el gerente de la emisora, Luis Ajenjo y el rector de la Universidad de Chile, Ennio Vivaldi.<\/p>\n\n\n\n<p>Fuente: Publimetro.<\/p>\n","protected":false},"excerpt":{"rendered":"<p>La destacada periodista Manola Robles, quien fue una voz emblem\u00e1tica de las noticias de Radio Cooperativa durante los tiempos de la dictadura y posteriores a ella, muri\u00f3 este domingo tras&#8230; <a class=\"read-more\" href=\"https:\/\/www.radiopresidenteibanez.cl\/web\/duelo-en-el-periodismo-nacional-se-apago-la-voz-inconfundible-de-la-destacada-manola-robles\/\">Leer m\u00e1s<\/a><\/p>\n","protected":false},"author":2,"featured_media":17455,"comment_status":"closed","ping_status":"closed","sticky":false,"template":"","format":"standard","meta":{"footnotes":""},"categories":[1],"tags":[],"class_list":["post-17454","post","type-post","status-publish","format-standard","has-post-thumbnail","hentry","category-cronica"],"_links":{"self":[{"href":"https:\/\/www.radiopresidenteibanez.cl\/web\/wp-json\/wp\/v2\/posts\/17454","targetHints":{"allow":["GET"]}}],"collection":[{"href":"https:\/\/www.radiopresidenteibanez.cl\/web\/wp-json\/wp\/v2\/posts"}],"about":[{"href":"https:\/\/www.radiopresidenteibanez.cl\/web\/wp-json\/wp\/v2\/types\/post"}],"author":[{"embeddable":true,"href":"https:\/\/www.radiopresidenteibanez.cl\/web\/wp-json\/wp\/v2\/users\/2"}],"replies":[{"embeddable":true,"href":"https:\/\/www.radiopresidenteibanez.cl\/web\/wp-json\/wp\/v2\/comments?post=17454"}],"version-history":[{"count":0,"href":"https:\/\/www.radiopresidenteibanez.cl\/web\/wp-json\/wp\/v2\/posts\/17454\/revisions"}],"wp:featuredmedia":[{"embeddable":true,"href":"https:\/\/www.radiopresidenteibanez.cl\/web\/wp-json\/wp\/v2\/media\/17455"}],"wp:attachment":[{"href":"https:\/\/www.radiopresidenteibanez.cl\/web\/wp-json\/wp\/v2\/media?parent=17454"}],"wp:term":[{"taxonomy":"category","embeddable":true,"href":"https:\/\/www.radiopresidenteibanez.cl\/web\/wp-json\/wp\/v2\/categories?post=17454"},{"taxonomy":"post_tag","embeddable":true,"href":"https:\/\/www.radiopresidenteibanez.cl\/web\/wp-json\/wp\/v2\/tags?post=17454"}],"curies":[{"name":"wp","href":"https:\/\/api.w.org\/{rel}","templated":true}]}}