{"id":17450,"date":"2021-01-03T15:32:40","date_gmt":"2021-01-03T15:32:40","guid":{"rendered":"https:\/\/www.radiopresidenteibanez.cl\/web\/?p=17450"},"modified":"2021-01-03T15:32:45","modified_gmt":"2021-01-03T15:32:45","slug":"esperanza-una-consigna-para-el-nuevo-ano-por-paola-fernandez-galvez","status":"publish","type":"post","link":"https:\/\/www.radiopresidenteibanez.cl\/web\/esperanza-una-consigna-para-el-nuevo-ano-por-paola-fernandez-galvez\/","title":{"rendered":"\u201cESPERANZA, UNA CONSIGNA PARA EL NUEVO A\u00d1O\u201d por Paola Fern\u00e1ndez G\u00e1lvez"},"content":{"rendered":"\n<p>2020 el a\u00f1o\nde la pandemia por Covid 19, golpe certero y profundo a la humanidad,\nponiendo&nbsp; &nbsp;en el imaginario colectivo el temor a perder\nlo m\u00e1s preciado, la propia vida y la de nuestros cercanos, una emergencia sanitaria\nque &nbsp;&nbsp;&nbsp;evidencio las vulnerabilidades, inequidades,\nausencia de apoyo y planificaci\u00f3n estatal en el caso de Chile,<\/p>\n\n\n\n<p>&nbsp;Situaci\u00f3n&nbsp;\nque nos &nbsp;hizo &nbsp;transitar &nbsp;en una fr\u00e1gil y delgada l\u00ednea entre el cuidado\ny el riesgo , ese &nbsp;peligro que se&nbsp; corre &nbsp;cuando se es responsable de llevar el sustento\nal hogar, &nbsp;as\u00ed vimos partir por\ncausa&nbsp; de contagio &nbsp;a &nbsp;m\u00e1s\nde diecis\u00e9is mil &nbsp;&nbsp;compatriotas en estos\ncasi&nbsp; 10 meses , &nbsp;sin tiempo de reacci\u00f3n ni despedida justa,\nperdida de empleos, ingresos, asumiendo cada quien con&nbsp; ahorros propios la subsistencia\nfamiliar,&nbsp; cumpliendo la organizaci\u00f3n\ncomunitaria de cada territorio, el rol de cobijo para muchos, extendiendo\nsu&nbsp; mano solidaria. <\/p>\n\n\n\n<p>Iniciamos este\nnuevo a\u00f1o con esperanza en la paulatina llegada de una vacuna, la ciencia y los\ncient\u00edficos\/as en tiempo r\u00e9cord han encontrado respuesta para tan devastador\nescenario. &nbsp;<\/p>\n\n\n\n<p>Por ello es\nimportante reflexionar, qui\u00e9nes han estado a la altura de las circunstancias,\nque rol juega la pol\u00edtica, los servidores p\u00fablicos, nuestros representantes en\ntan importante momento de la historia, y que podemos hacer nosotros, los\nciudadanos.<\/p>\n\n\n\n<p>Ante la\ninmovilizaci\u00f3n impuesta por el estado de excepci\u00f3n constitucional que regir\u00e1\nhasta marzo, cobra mayor valor el poder que tiene la opini\u00f3n que expresamos a\ntrav\u00e9s de nuestro voto, siendo este a\u00f1o de m\u00faltiples definiciones electorales,\ny que sabemos los que impactan por acci\u00f3n u omisi\u00f3n las decisiones de quienes\nostentan cargos.<\/p>\n\n\n\n<p>Tengo esperanza\nen los procesos pol\u00edticos democr\u00e1ticos que se avecinan, estamos \u00e1vidos de un\nestado con instituciones agiles, modernas, inclusivas, paritarias,\ndescentralizadas, transparentes, al servicio y cuidado de sus ciudadanos\/as,\npero para hacer frente a los desaf\u00edos actuales requerimos de <em>l\u00edderes\/as no protagonistas<\/em>,\nque encabecen transformaciones e incorporen los sentires y diversidades de\ntodas y todos al quehacer p\u00fablico. <\/p>\n\n\n\n<p>Tenemos la\noportunidad de poner en pr\u00e1ctica las ense\u00f1anzas que nos dejo el a\u00f1o viejo en\npos de la construcci\u00f3n colectiva de una mejor sociedad,<\/p>\n\n\n\n<p>A seguir cuid\u00e1ndonos,\nque la esperanza no falte este 2021 <\/p>\n\n\n\n<p>Paola Fern\u00e1ndez G\u00e1lvez <\/p>\n\n\n\n<p>Cientista Pol\u00edtica <\/p>\n\n\n\n<p>Vanguardia Comunitaria <\/p>\n","protected":false},"excerpt":{"rendered":"<p>2020 el a\u00f1o de la pandemia por Covid 19, golpe certero y profundo a la humanidad, poniendo&nbsp; &nbsp;en el imaginario colectivo el temor a perder lo m\u00e1s preciado, la propia&#8230; <a class=\"read-more\" href=\"https:\/\/www.radiopresidenteibanez.cl\/web\/esperanza-una-consigna-para-el-nuevo-ano-por-paola-fernandez-galvez\/\">Leer m\u00e1s<\/a><\/p>\n","protected":false},"author":2,"featured_media":14164,"comment_status":"closed","ping_status":"closed","sticky":false,"template":"","format":"standard","meta":{"footnotes":""},"categories":[1],"tags":[],"class_list":["post-17450","post","type-post","status-publish","format-standard","has-post-thumbnail","hentry","category-cronica"],"_links":{"self":[{"href":"https:\/\/www.radiopresidenteibanez.cl\/web\/wp-json\/wp\/v2\/posts\/17450","targetHints":{"allow":["GET"]}}],"collection":[{"href":"https:\/\/www.radiopresidenteibanez.cl\/web\/wp-json\/wp\/v2\/posts"}],"about":[{"href":"https:\/\/www.radiopresidenteibanez.cl\/web\/wp-json\/wp\/v2\/types\/post"}],"author":[{"embeddable":true,"href":"https:\/\/www.radiopresidenteibanez.cl\/web\/wp-json\/wp\/v2\/users\/2"}],"replies":[{"embeddable":true,"href":"https:\/\/www.radiopresidenteibanez.cl\/web\/wp-json\/wp\/v2\/comments?post=17450"}],"version-history":[{"count":0,"href":"https:\/\/www.radiopresidenteibanez.cl\/web\/wp-json\/wp\/v2\/posts\/17450\/revisions"}],"wp:featuredmedia":[{"embeddable":true,"href":"https:\/\/www.radiopresidenteibanez.cl\/web\/wp-json\/wp\/v2\/media\/14164"}],"wp:attachment":[{"href":"https:\/\/www.radiopresidenteibanez.cl\/web\/wp-json\/wp\/v2\/media?parent=17450"}],"wp:term":[{"taxonomy":"category","embeddable":true,"href":"https:\/\/www.radiopresidenteibanez.cl\/web\/wp-json\/wp\/v2\/categories?post=17450"},{"taxonomy":"post_tag","embeddable":true,"href":"https:\/\/www.radiopresidenteibanez.cl\/web\/wp-json\/wp\/v2\/tags?post=17450"}],"curies":[{"name":"wp","href":"https:\/\/api.w.org\/{rel}","templated":true}]}}