{"id":17441,"date":"2021-01-01T18:33:52","date_gmt":"2021-01-01T18:33:52","guid":{"rendered":"https:\/\/www.radiopresidenteibanez.cl\/web\/?p=17441"},"modified":"2021-01-01T18:33:57","modified_gmt":"2021-01-01T18:33:57","slug":"en-natales-nace-el-primer-magallanico-de-2021","status":"publish","type":"post","link":"https:\/\/www.radiopresidenteibanez.cl\/web\/en-natales-nace-el-primer-magallanico-de-2021\/","title":{"rendered":"EN NATALES NACE EL PRIMER MAGALL\u00c1NICO DE 2021"},"content":{"rendered":"\n<p>En el hospital de Puerto Natales\nAugusto Essmann Burgos, naci\u00f3 hoy 1 de enero, a las 00.34 horas, el primer\nmagall\u00e1nico de este 2021: Mateo Alejandro \u00c1lvarez C\u00e1rdenas. <\/p>\n\n\n\n<p>Sin contratiempos y bajo los\nprotocolos establecidos por el contexto de pandemia, la funcionaria de Salud,\nEvelyn C\u00e1rdenas Balc\u00e1zar dio a luz a su segundo hijo, que midi\u00f3 50 cent\u00edmetros\ny pes\u00f3 3.5 kilos. <\/p>\n\n\n\n<p>Autoridades regionales,\nencabezadas por la intendenta Jenniffer Rojas, saludaron a la madre v\u00eda remota,\ndeseando lo mejor para Mateo y para toda la familia que recibe un nuevo\nintegrante al comenzar este 2021.<\/p>\n\n\n\n<p>\u201cHoy muy temprano y con mucha\nalegr\u00eda nos enteramos que naci\u00f3 el primer magall\u00e1nico y natalino de este nuevo\na\u00f1o; Mateo Alejandro. Pudimos saludar a su mam\u00e1, felicitarla y desearle mucha\nfelicidad con su hijo y familia. Desde ahora el Gobierno genera un\nacompa\u00f1amiento importante a trav\u00e9s del programa Chile Crece Contigo, que est\u00e1\ndedicado a velar por el crecimiento y los derechos de los ni\u00f1os y ni\u00f1as del\npa\u00eds\u201d, manifest\u00f3 la intendenta Rojas.<\/p>\n\n\n\n<p>La seremi de Desarrollo Social y\nFamilia, Liz Casanueva, adem\u00e1s de brindar la bienvenida al peque\u00f1o magall\u00e1nico\ny de felicitar a la madre, explic\u00f3 que Mateo Alejandro, \u201cser\u00e1 beneficiario de\ndistintos programas que contiene el subsistema de Chile Crece Contigo, y el\nprimer insumo que recibe es el ajuar que contiene una cuna y distintos\nelementos que le van a permitir un desarrollo pleno\u201d, detall\u00f3.<\/p>\n\n\n\n<p>De este mismo modo, el seremi (s)\nde Salud, Eduardo Castillo se sum\u00f3 a los parabienes y expres\u00f3 que \u201cEvelyn\nqueremos enviarte un saludo muy cari\u00f1oso al empezar el a\u00f1o, el nacimiento de tu\nhijo Mateo nos llena de esperanza que es tan necesaria en estos d\u00edas que\nestamos viviendo. Queremos como Seremi de Salud acompa\u00f1arte en todo el proceso\nde tu hijo, desde la lactancia materna a todas las etapas de desarrollo para\npotenciar a Mateo, para que pueda crecer sano, feliz, alegre, e integrado a la\nsociedad\u201d, dijo la autoridad, agregando que \u201cqueremos destacar que Evelyn es\nfuncionaria del hospital, del \u00e1rea de esterilizaci\u00f3n y entonces tambi\u00e9n saludar\na todo el personal de Salud que en estos d\u00edas ha estado trabajando y haciendo\ntanto esfuerzo\u201d.<\/p>\n\n\n\n<p>Por su parte, el director del\nServicio de Salud Magallanes, Nelson Reyes, se\u00f1al\u00f3 que \u201choy hemos saludado a la\nse\u00f1ora Evelyn producto del nacimiento de su primer hijo var\u00f3n, que naci\u00f3 aqu\u00ed\nen la regi\u00f3n, espec\u00edficamente en Puerto Natales, donde nuestros funcionarios le\npudieron dar la mejor atenci\u00f3n para el nacimiento de su hijo, y por lo tanto\nestamos muy contentos, porque adem\u00e1s la se\u00f1ora Evelyn es funcionaria de nuestro\nestablecimiento\u201d, manifest\u00f3, enfatizando que \u201cnuestra red ha funcionado\nnormalmente durante esta jornada, la primera noche del a\u00f1o, funcionando sus\nservicios de urgencia, s\u00ed con algunas atenciones de accidentes, exclusivamente\nen Puerto Natales. Vamos a seguir dando nuestro mejor compromiso con toda\nnuestra red asistencial y todos nuestros funcionarios que hoy est\u00e1n con una\nmejor atenci\u00f3n, con mejor experiencia para atender la demanda que hoy se est\u00e1\nproduciendo en la regi\u00f3n\u201d, asegur\u00f3 Reyes.<\/p>\n\n\n\n<p>Finalmente, el director del Hospital\nDr. Augusto Essmann de Puerto Natales, Dr. Darwin Letelier, valor\u00f3 que todo el\nprocedimiento m\u00e9dico se haya llevado a cabo sin inconvenientes, y entreg\u00f3\ntambi\u00e9n las felicitaciones a la madre, por el nacimiento de su hijo Mateo\nAlejandro \u00c1lvarez C\u00e1rdenas. <\/p>\n\n\n\n<p>Las autoridades regionales\nhicieron extensivo este saludo al segundo nacimiento del a\u00f1o, el cual se\nprodujo en el Hospital Cl\u00ednico de Magallanes, agradeciendo el trabajo de toda\nel personal de turno, que apoy\u00f3 la llegada de Alma Osses Reyes a las 04.06\nhoras y atendi\u00f3 a su madre Sindy Reyes Poblete en una ces\u00e1rea de urgencia.<\/p>\n\n\n\n<p>Alma&nbsp; midi\u00f3 50 cm y pes\u00f3&nbsp; 3 kilos con 630 gramos, se encuentra en\nbuenas condiciones de salud junto a su madre . <\/p>\n\n\n\n<p>La Intendenta Jennifer Rojas,\naprovech\u00f3 esta ocasi\u00f3n, para entregar un saludo a todos los funcionarios de\nsalud de la regi\u00f3n que en este a\u00f1o nuevo sigue trabajando por la salud p\u00fablica\nde Magallanes.<\/p>\n","protected":false},"excerpt":{"rendered":"<p>En el hospital de Puerto Natales Augusto Essmann Burgos, naci\u00f3 hoy 1 de enero, a las 00.34 horas, el primer magall\u00e1nico de este 2021: Mateo Alejandro \u00c1lvarez C\u00e1rdenas. Sin contratiempos&#8230; <a class=\"read-more\" href=\"https:\/\/www.radiopresidenteibanez.cl\/web\/en-natales-nace-el-primer-magallanico-de-2021\/\">Leer m\u00e1s<\/a><\/p>\n","protected":false},"author":2,"featured_media":17442,"comment_status":"closed","ping_status":"closed","sticky":false,"template":"","format":"standard","meta":{"footnotes":""},"categories":[1],"tags":[],"class_list":["post-17441","post","type-post","status-publish","format-standard","has-post-thumbnail","hentry","category-cronica"],"_links":{"self":[{"href":"https:\/\/www.radiopresidenteibanez.cl\/web\/wp-json\/wp\/v2\/posts\/17441","targetHints":{"allow":["GET"]}}],"collection":[{"href":"https:\/\/www.radiopresidenteibanez.cl\/web\/wp-json\/wp\/v2\/posts"}],"about":[{"href":"https:\/\/www.radiopresidenteibanez.cl\/web\/wp-json\/wp\/v2\/types\/post"}],"author":[{"embeddable":true,"href":"https:\/\/www.radiopresidenteibanez.cl\/web\/wp-json\/wp\/v2\/users\/2"}],"replies":[{"embeddable":true,"href":"https:\/\/www.radiopresidenteibanez.cl\/web\/wp-json\/wp\/v2\/comments?post=17441"}],"version-history":[{"count":0,"href":"https:\/\/www.radiopresidenteibanez.cl\/web\/wp-json\/wp\/v2\/posts\/17441\/revisions"}],"wp:featuredmedia":[{"embeddable":true,"href":"https:\/\/www.radiopresidenteibanez.cl\/web\/wp-json\/wp\/v2\/media\/17442"}],"wp:attachment":[{"href":"https:\/\/www.radiopresidenteibanez.cl\/web\/wp-json\/wp\/v2\/media?parent=17441"}],"wp:term":[{"taxonomy":"category","embeddable":true,"href":"https:\/\/www.radiopresidenteibanez.cl\/web\/wp-json\/wp\/v2\/categories?post=17441"},{"taxonomy":"post_tag","embeddable":true,"href":"https:\/\/www.radiopresidenteibanez.cl\/web\/wp-json\/wp\/v2\/tags?post=17441"}],"curies":[{"name":"wp","href":"https:\/\/api.w.org\/{rel}","templated":true}]}}