{"id":17433,"date":"2021-01-01T18:24:55","date_gmt":"2021-01-01T18:24:55","guid":{"rendered":"https:\/\/www.radiopresidenteibanez.cl\/web\/?p=17433"},"modified":"2021-01-01T18:25:00","modified_gmt":"2021-01-01T18:25:00","slug":"cementerio-municipal-abrira-sus-puertas-este-domingo-3-de-enero","status":"publish","type":"post","link":"https:\/\/www.radiopresidenteibanez.cl\/web\/cementerio-municipal-abrira-sus-puertas-este-domingo-3-de-enero\/","title":{"rendered":"CEMENTERIO MUNICIPAL ABRIR\u00c1 SUS PUERTAS ESTE DOMINGO 3 DE ENERO"},"content":{"rendered":"\n<p>Como una manera de brindar mayores facilidades, y poder resolver una necesidad de muchas familias y amigos de vecinos que han partido durante este dif\u00edcil a\u00f1o, el Alcalde Claudio Radonich, anunci\u00f3 que desde este domingo 3 de enero y todos los siguientes, el Cementerio Municipal de Punta Arenas, abrir\u00e1 sus puertas entre las 10 y las 13 horas.<\/p>\n\n\n\n<p>\u201cEstaba pendiente ampliar un poco las visitas y as\u00ed permitir a las personas que no pueden concurrir durante la semana, hacerlo en otro momento. Es por esto que hemos decidido que a partir de este domingo 3 de enero y todos los domingos siguientes, podr\u00e1n entrar al cementerio todos nuestros vecinos que as\u00ed lo deseen, desde las 10 de la ma\u00f1ana y hasta la 1 de la tarde, bajo los protocolos que Salud nos indica\u201d, inform\u00f3 el jefe comunal durante esta jornada.<\/p>\n\n\n\n<p>\u201cSabemos que es muy importante para muchos de ustedes, venir al Cementerio Municipal a ver a sus seres queridos. Nos cost\u00f3 mucho poder reabrir este lugar, lo que pudimos concretar hace un par de semanas, con un horario acotado de lunes a viernes entre las 10 de la ma\u00f1ana y 1 de la tarde, debido a las restricciones vigentes\u201d, lo cual seg\u00fan explic\u00f3 Radonich se mantendr\u00e1 durante el verano.<\/p>\n\n\n\n<p>El acceso al camposanto ser\u00e1 por Avenida Bulnes, y para quienes requieran asistencia especial para el ingreso, pueden contactarse al tel\u00e9fono (61)2212777.<\/p>\n\n\n\n<p>De igual forma, el Cementerio Municipal continuar\u00e1 abierto al p\u00fablico de lunes a viernes entre las 10 y 13 horas.<\/p>\n","protected":false},"excerpt":{"rendered":"<p>Como una manera de brindar mayores facilidades, y poder resolver una necesidad de muchas familias y amigos de vecinos que han partido durante este dif\u00edcil a\u00f1o, el Alcalde Claudio Radonich,&#8230; <a class=\"read-more\" href=\"https:\/\/www.radiopresidenteibanez.cl\/web\/cementerio-municipal-abrira-sus-puertas-este-domingo-3-de-enero\/\">Leer m\u00e1s<\/a><\/p>\n","protected":false},"author":2,"featured_media":17434,"comment_status":"closed","ping_status":"closed","sticky":false,"template":"","format":"standard","meta":{"footnotes":""},"categories":[1],"tags":[],"class_list":["post-17433","post","type-post","status-publish","format-standard","has-post-thumbnail","hentry","category-cronica"],"_links":{"self":[{"href":"https:\/\/www.radiopresidenteibanez.cl\/web\/wp-json\/wp\/v2\/posts\/17433","targetHints":{"allow":["GET"]}}],"collection":[{"href":"https:\/\/www.radiopresidenteibanez.cl\/web\/wp-json\/wp\/v2\/posts"}],"about":[{"href":"https:\/\/www.radiopresidenteibanez.cl\/web\/wp-json\/wp\/v2\/types\/post"}],"author":[{"embeddable":true,"href":"https:\/\/www.radiopresidenteibanez.cl\/web\/wp-json\/wp\/v2\/users\/2"}],"replies":[{"embeddable":true,"href":"https:\/\/www.radiopresidenteibanez.cl\/web\/wp-json\/wp\/v2\/comments?post=17433"}],"version-history":[{"count":0,"href":"https:\/\/www.radiopresidenteibanez.cl\/web\/wp-json\/wp\/v2\/posts\/17433\/revisions"}],"wp:featuredmedia":[{"embeddable":true,"href":"https:\/\/www.radiopresidenteibanez.cl\/web\/wp-json\/wp\/v2\/media\/17434"}],"wp:attachment":[{"href":"https:\/\/www.radiopresidenteibanez.cl\/web\/wp-json\/wp\/v2\/media?parent=17433"}],"wp:term":[{"taxonomy":"category","embeddable":true,"href":"https:\/\/www.radiopresidenteibanez.cl\/web\/wp-json\/wp\/v2\/categories?post=17433"},{"taxonomy":"post_tag","embeddable":true,"href":"https:\/\/www.radiopresidenteibanez.cl\/web\/wp-json\/wp\/v2\/tags?post=17433"}],"curies":[{"name":"wp","href":"https:\/\/api.w.org\/{rel}","templated":true}]}}