{"id":17430,"date":"2021-01-01T18:22:41","date_gmt":"2021-01-01T18:22:41","guid":{"rendered":"https:\/\/www.radiopresidenteibanez.cl\/web\/?p=17430"},"modified":"2021-01-01T18:22:46","modified_gmt":"2021-01-01T18:22:46","slug":"mas-de-3-mil-personas-participaron-del-ciclo-de-charlas-virtuales-de-inia-kampenaike","status":"publish","type":"post","link":"https:\/\/www.radiopresidenteibanez.cl\/web\/mas-de-3-mil-personas-participaron-del-ciclo-de-charlas-virtuales-de-inia-kampenaike\/","title":{"rendered":"M\u00c1S DE 3 MIL PERSONAS PARTICIPARON DEL CICLO DE CHARLAS VIRTUALES DE INIA KAMPENAIKE"},"content":{"rendered":"\n<p>La transferencia tecnol\u00f3gica a trav\u00e9s de\ntalleres, charlas, simposios y seminarios presenciales, es una de las\nactividades que el INIA est\u00e1 acostumbrado a organizar con el fin de hacer\nllegar todos los conocimientos adquiridos a trav\u00e9s de la ciencia y la\nexperimentaci\u00f3n, a las y los productores de la regi\u00f3n.<\/p>\n\n\n\n<p>Sin embargo, ni bien comenzado el a\u00f1o, hubo que\nreestructurar y repensar la forma de seguir realizando estas importantes\nintervenciones, que son uno de los principales objetivos de la instituci\u00f3n. Es\npor ello, que a partir de julio se organiz\u00f3 el \u201cCiclo de charlas virtuales INIA\nKampenaike\u201d, que consisti\u00f3 en la realizaci\u00f3n de 23 charlas, una cada martes,\nhasta fines de noviembre.<\/p>\n\n\n\n<p>\u201cEn a\u00f1os anteriores alcanz\u00e1bamos a capacitar a\nun promedio de 1600 personas, lo que es todo un hito para la regi\u00f3n, pero ahora\ncon la ayuda de la tecnolog\u00eda, doblamos esa cifra e incluso alcanzamos a tener\nun p\u00fablico internacional bastante fiel, que particip\u00f3 en casi todas las\ncharlas\u201d, se\u00f1al\u00f3 Francisco Sales, director regional de INIA, quien agreg\u00f3 que\nse trat\u00f3 un ciclo tan exitoso, que ya se est\u00e1 organizando una segunda edici\u00f3n\nde \u00e9ste para el a\u00f1o 2021.<\/p>\n\n\n\n<p>\u201cAunque, eventualmente podamos volver a\nrealizar talleres presenciales, lo cual es s\u00f3lo una posibilidad (aclara), hemos\ndecidido que volveremos a repetir el ciclo, con a lo menos dos charlas\nmensuales, porque, adem\u00e1s, es una solicitud de quienes nos siguieron y\nparticiparon\u201d, destac\u00f3 el director.<\/p>\n\n\n\n<p>Las charlas abarcaron una diversidad de temas\nrelacionados con la ganader\u00eda, praderas, tales como: gen\u00e9tica animal y\nreproductiva, suplementaci\u00f3n alimenticia y manejos del recurso forrajero; en\ntanto por el \u00e1rea hortofrut\u00edcola regional, destacaron charlas sobre el\nestablecimiento y plantaci\u00f3n de papas, frutillas, berries y bio preparados para\nfertilizar los suelos de manera sustentable y a bajo costo.<\/p>\n\n\n\n<p>Cabe se\u00f1alar que paralelo a estas actividades\nvirtuales propias del Instituto, las y los investigadores de INIA, participaron\nen diversos ciclos de otras instituciones que les solicitaron charlas, talleres\ny cursos online.<\/p>\n\n\n\n<p><strong>Acerca de INIA<\/strong><\/p>\n\n\n\n<p>El Instituto de Investigaciones Agropecuarias\n(INIA) es la principal instituci\u00f3n de investigaci\u00f3n, desarrollo e innovaci\u00f3n\nagroalimentaria de Chile. Vinculada al Ministerio de Agricultura, cuenta con\npresencia nacional y un equipo de trabajo de m\u00e1s de 1.000 personas altamente\ncalificadas. Ejecuta al a\u00f1o un promedio de 400 proyectos en torno a 5 \u00e1reas\nestrat\u00e9gicas: Cambio Clim\u00e1tico, Sustentabilidad, Alimentos del Futuro,\nTecnolog\u00edas Emergentes, y Extensi\u00f3n y Formaci\u00f3n de Capacidades. Estas\niniciativas contribuyen al desarrollo agroalimentario sostenible del pa\u00eds,\ncreando valor y proponiendo soluciones innovadoras a los agricultores, socios\nestrat\u00e9gicos y la sociedad, generando una rentabilidad social que var\u00eda entre\n15% y 25%, por cada peso invertido en cada uno de sus proyectos.<\/p>\n\n\n\n<p>INIA, m\u00e1s de 55 a\u00f1os liderando el desarrollo\nagroalimentario sostenible de Chile.<\/p>\n\n\n\n<p>www.inia.cl \u2013 Facebook: \/INIAChile \u2013 Instagram:\n@iniachile \u2013 Twitter: @iniachile \u2013 YouTube: INIA \u2013 LinkedIn: \/inia-chile<\/p>\n","protected":false},"excerpt":{"rendered":"<p>La transferencia tecnol\u00f3gica a trav\u00e9s de talleres, charlas, simposios y seminarios presenciales, es una de las actividades que el INIA est\u00e1 acostumbrado a organizar con el fin de hacer llegar&#8230; <a class=\"read-more\" href=\"https:\/\/www.radiopresidenteibanez.cl\/web\/mas-de-3-mil-personas-participaron-del-ciclo-de-charlas-virtuales-de-inia-kampenaike\/\">Leer m\u00e1s<\/a><\/p>\n","protected":false},"author":2,"featured_media":17431,"comment_status":"closed","ping_status":"closed","sticky":false,"template":"","format":"standard","meta":{"footnotes":""},"categories":[1],"tags":[],"class_list":["post-17430","post","type-post","status-publish","format-standard","has-post-thumbnail","hentry","category-cronica"],"_links":{"self":[{"href":"https:\/\/www.radiopresidenteibanez.cl\/web\/wp-json\/wp\/v2\/posts\/17430","targetHints":{"allow":["GET"]}}],"collection":[{"href":"https:\/\/www.radiopresidenteibanez.cl\/web\/wp-json\/wp\/v2\/posts"}],"about":[{"href":"https:\/\/www.radiopresidenteibanez.cl\/web\/wp-json\/wp\/v2\/types\/post"}],"author":[{"embeddable":true,"href":"https:\/\/www.radiopresidenteibanez.cl\/web\/wp-json\/wp\/v2\/users\/2"}],"replies":[{"embeddable":true,"href":"https:\/\/www.radiopresidenteibanez.cl\/web\/wp-json\/wp\/v2\/comments?post=17430"}],"version-history":[{"count":0,"href":"https:\/\/www.radiopresidenteibanez.cl\/web\/wp-json\/wp\/v2\/posts\/17430\/revisions"}],"wp:featuredmedia":[{"embeddable":true,"href":"https:\/\/www.radiopresidenteibanez.cl\/web\/wp-json\/wp\/v2\/media\/17431"}],"wp:attachment":[{"href":"https:\/\/www.radiopresidenteibanez.cl\/web\/wp-json\/wp\/v2\/media?parent=17430"}],"wp:term":[{"taxonomy":"category","embeddable":true,"href":"https:\/\/www.radiopresidenteibanez.cl\/web\/wp-json\/wp\/v2\/categories?post=17430"},{"taxonomy":"post_tag","embeddable":true,"href":"https:\/\/www.radiopresidenteibanez.cl\/web\/wp-json\/wp\/v2\/tags?post=17430"}],"curies":[{"name":"wp","href":"https:\/\/api.w.org\/{rel}","templated":true}]}}