{"id":1743,"date":"2019-03-01T17:42:50","date_gmt":"2019-03-01T17:42:50","guid":{"rendered":"http:\/\/www.radiopresidenteibanez.cl\/web\/?p=1743"},"modified":"2019-03-01T17:43:34","modified_gmt":"2019-03-01T17:43:34","slug":"panorama-para-toda-la-familia-ofrece-expogama-2019","status":"publish","type":"post","link":"https:\/\/www.radiopresidenteibanez.cl\/web\/panorama-para-toda-la-familia-ofrece-expogama-2019\/","title":{"rendered":"PANORAMA PARA TODA LA FAMILIA OFRECE EXPOGAMA 2019"},"content":{"rendered":"\n<p>Comenz\u00f3 EXPOGAMA 2019 con una\nnutrida agenda de actividades que trae todos los atractivos del campo a la\nciudad. Desde la exquisita gastronom\u00eda con asados de cordero al palo, hasta\ndiversi\u00f3n para ni\u00f1os y ni\u00f1as.&nbsp;&nbsp; <\/p>\n\n\n\n<p>De igual, forma el coraz\u00f3n de\nla feria sigue siendo la jura de ovinos, en sus diferentes modalidades, la que comenz\u00f3\nel viernes a la 9 de la ma\u00f1ana con la participaci\u00f3n de jueces de Nueva Zelanda\ny Argentina, quienes destacaron el alto nivel de los ejemplares, tanto por su\ncomposici\u00f3n como homogeneidad. <\/p>\n\n\n\n<p>Este a\u00f1o participan 20\nplanteles locales, son 300 ovinos en competencia. Adem\u00e1s, por segunda vez, se\nrealizar\u00e1 jura de bovinos, con la participaci\u00f3n de 4 planteles. <\/p>\n\n\n\n<p>La principal competencia de\novinos considera las razas Corriedale, Merino Multiprop\u00f3sito, Suffolk y otras\nrazas de carne.<\/p>\n\n\n\n<p>MINISTRO <\/p>\n\n\n\n<p>La ceremonia de premiaci\u00f3n,\nque se realizar\u00e1 el d\u00eda domingo, contar\u00e1 con la presencia del ministro de\nAgricultura, Antonio Walker Prieto, quien ya se encuentra en la regi\u00f3n. Tambi\u00e9n\nse sumar\u00e1 a esta fiesta del campo el presidente de la Asociaci\u00f3n Nacional de\nAgricultura, Ricardo Arizt\u00eda de Castro. <\/p>\n\n\n\n<p>OTROS ATRACTIVOS <\/p>\n\n\n\n<p>El programa de la feria\nconsidera para el d\u00eda s\u00e1bado 2 de marzo una demostraci\u00f3n de salto ecuestre, por\nparte del Ej\u00e9rcito, muestra de esquila en diversos horarios y el trabajo de las\nhilanderas. De esta forma, se puede conocer todo el proceso de producci\u00f3n y\ntrabajo de la lana. Tambi\u00e9n hay una parrilla de artistas que rotar\u00e1n por el\nescenario montado a un costado del comedor, donde se puede saborear el\ntradicional cordero al palo. <\/p>\n\n\n\n<p>El d\u00eda domingo se contempla\nuna muestra de perros adiestrados por la PDI y concurso de mascotas, junto con la\npremiaci\u00f3n de los diversos campeones. <\/p>\n\n\n\n<p>En el recinto cerrado se\npresenta un sal\u00f3n destinado a la muestra de productos gourmet, elaborados por\nempresarios locales, que en su mayor\u00eda han recibido apoyo de CORFO. Son un\ntotal de 13 empresarios los que presentar\u00e1n y&nbsp;\nvender\u00e1n sus productos, como chocolates, cervezas, vinos y otros\nelaborados a partir de cordero, quesos y otras delicias. <\/p>\n\n\n\n<p>El valor de la entrada para la feria es de 2500 pesos y los ni\u00f1os (menores de 12 a\u00f1os) y adultos mayores ingresan gratis. Uno de los principales cambios de esta versi\u00f3n es que el acceso es por avenida Bulnes, para brindar comodidad a los asistentes y a los vecinos del sector.<\/p>\n\n\n\n<ul class=\"wp-block-gallery columns-2 is-cropped wp-block-gallery-1 is-layout-flex wp-block-gallery-is-layout-flex\"><li class=\"blocks-gallery-item\"><figure><img loading=\"lazy\" decoding=\"async\" width=\"1024\" height=\"683\" src=\"https:\/\/www.radiopresidenteibanez.cl\/web\/wp-content\/uploads\/2019\/03\/expo-1--1024x683.jpg\" alt=\"\" data-id=\"1744\" data-link=\"https:\/\/www.radiopresidenteibanez.cl\/web\/?attachment_id=1744\" class=\"wp-image-1744\" srcset=\"https:\/\/www.radiopresidenteibanez.cl\/web\/wp-content\/uploads\/2019\/03\/expo-1--1024x683.jpg 1024w, https:\/\/www.radiopresidenteibanez.cl\/web\/wp-content\/uploads\/2019\/03\/expo-1--300x200.jpg 300w, https:\/\/www.radiopresidenteibanez.cl\/web\/wp-content\/uploads\/2019\/03\/expo-1--768x512.jpg 768w, https:\/\/www.radiopresidenteibanez.cl\/web\/wp-content\/uploads\/2019\/03\/expo-1-.jpg 1200w\" sizes=\"auto, (max-width: 1024px) 100vw, 1024px\" \/><\/figure><\/li><li class=\"blocks-gallery-item\"><figure><img loading=\"lazy\" decoding=\"async\" width=\"1024\" height=\"683\" src=\"https:\/\/www.radiopresidenteibanez.cl\/web\/wp-content\/uploads\/2019\/03\/expo-2-1024x683.jpg\" alt=\"\" data-id=\"1745\" data-link=\"https:\/\/www.radiopresidenteibanez.cl\/web\/?attachment_id=1745\" class=\"wp-image-1745\" srcset=\"https:\/\/www.radiopresidenteibanez.cl\/web\/wp-content\/uploads\/2019\/03\/expo-2-1024x683.jpg 1024w, https:\/\/www.radiopresidenteibanez.cl\/web\/wp-content\/uploads\/2019\/03\/expo-2-300x200.jpg 300w, https:\/\/www.radiopresidenteibanez.cl\/web\/wp-content\/uploads\/2019\/03\/expo-2-768x512.jpg 768w, https:\/\/www.radiopresidenteibanez.cl\/web\/wp-content\/uploads\/2019\/03\/expo-2.jpg 1080w\" sizes=\"auto, (max-width: 1024px) 100vw, 1024px\" \/><\/figure><\/li><li class=\"blocks-gallery-item\"><figure><img loading=\"lazy\" decoding=\"async\" width=\"1024\" height=\"1024\" src=\"https:\/\/www.radiopresidenteibanez.cl\/web\/wp-content\/uploads\/2019\/03\/expo-3--1024x1024.jpg\" alt=\"\" data-id=\"1746\" data-link=\"https:\/\/www.radiopresidenteibanez.cl\/web\/?attachment_id=1746\" class=\"wp-image-1746\" srcset=\"https:\/\/www.radiopresidenteibanez.cl\/web\/wp-content\/uploads\/2019\/03\/expo-3--1024x1024.jpg 1024w, https:\/\/www.radiopresidenteibanez.cl\/web\/wp-content\/uploads\/2019\/03\/expo-3--150x150.jpg 150w, https:\/\/www.radiopresidenteibanez.cl\/web\/wp-content\/uploads\/2019\/03\/expo-3--300x300.jpg 300w, https:\/\/www.radiopresidenteibanez.cl\/web\/wp-content\/uploads\/2019\/03\/expo-3--768x768.jpg 768w, https:\/\/www.radiopresidenteibanez.cl\/web\/wp-content\/uploads\/2019\/03\/expo-3-.jpg 1080w\" sizes=\"auto, (max-width: 1024px) 100vw, 1024px\" \/><\/figure><\/li><li class=\"blocks-gallery-item\"><figure><img loading=\"lazy\" decoding=\"async\" width=\"1024\" height=\"683\" src=\"https:\/\/www.radiopresidenteibanez.cl\/web\/wp-content\/uploads\/2019\/03\/expo-4--1024x683.jpg\" alt=\"\" data-id=\"1747\" data-link=\"https:\/\/www.radiopresidenteibanez.cl\/web\/?attachment_id=1747\" class=\"wp-image-1747\" srcset=\"https:\/\/www.radiopresidenteibanez.cl\/web\/wp-content\/uploads\/2019\/03\/expo-4--1024x683.jpg 1024w, https:\/\/www.radiopresidenteibanez.cl\/web\/wp-content\/uploads\/2019\/03\/expo-4--300x200.jpg 300w, https:\/\/www.radiopresidenteibanez.cl\/web\/wp-content\/uploads\/2019\/03\/expo-4--768x512.jpg 768w, https:\/\/www.radiopresidenteibanez.cl\/web\/wp-content\/uploads\/2019\/03\/expo-4-.jpg 1080w\" sizes=\"auto, (max-width: 1024px) 100vw, 1024px\" \/><\/figure><\/li><\/ul>\n","protected":false},"excerpt":{"rendered":"<p>Comenz\u00f3 EXPOGAMA 2019 con una nutrida agenda de actividades que trae todos los atractivos del campo a la ciudad. Desde la exquisita gastronom\u00eda con asados de cordero al palo, hasta&#8230; <a class=\"read-more\" href=\"https:\/\/www.radiopresidenteibanez.cl\/web\/panorama-para-toda-la-familia-ofrece-expogama-2019\/\">Leer m\u00e1s<\/a><\/p>\n","protected":false},"author":2,"featured_media":1747,"comment_status":"closed","ping_status":"closed","sticky":false,"template":"","format":"standard","meta":{"footnotes":""},"categories":[1,7],"tags":[],"class_list":["post-1743","post","type-post","status-publish","format-standard","has-post-thumbnail","hentry","category-cronica","category-galeria-de-fotos"],"_links":{"self":[{"href":"https:\/\/www.radiopresidenteibanez.cl\/web\/wp-json\/wp\/v2\/posts\/1743","targetHints":{"allow":["GET"]}}],"collection":[{"href":"https:\/\/www.radiopresidenteibanez.cl\/web\/wp-json\/wp\/v2\/posts"}],"about":[{"href":"https:\/\/www.radiopresidenteibanez.cl\/web\/wp-json\/wp\/v2\/types\/post"}],"author":[{"embeddable":true,"href":"https:\/\/www.radiopresidenteibanez.cl\/web\/wp-json\/wp\/v2\/users\/2"}],"replies":[{"embeddable":true,"href":"https:\/\/www.radiopresidenteibanez.cl\/web\/wp-json\/wp\/v2\/comments?post=1743"}],"version-history":[{"count":0,"href":"https:\/\/www.radiopresidenteibanez.cl\/web\/wp-json\/wp\/v2\/posts\/1743\/revisions"}],"wp:featuredmedia":[{"embeddable":true,"href":"https:\/\/www.radiopresidenteibanez.cl\/web\/wp-json\/wp\/v2\/media\/1747"}],"wp:attachment":[{"href":"https:\/\/www.radiopresidenteibanez.cl\/web\/wp-json\/wp\/v2\/media?parent=1743"}],"wp:term":[{"taxonomy":"category","embeddable":true,"href":"https:\/\/www.radiopresidenteibanez.cl\/web\/wp-json\/wp\/v2\/categories?post=1743"},{"taxonomy":"post_tag","embeddable":true,"href":"https:\/\/www.radiopresidenteibanez.cl\/web\/wp-json\/wp\/v2\/tags?post=1743"}],"curies":[{"name":"wp","href":"https:\/\/api.w.org\/{rel}","templated":true}]}}