{"id":17411,"date":"2020-12-31T00:14:00","date_gmt":"2020-12-31T00:14:00","guid":{"rendered":"https:\/\/www.radiopresidenteibanez.cl\/web\/?p=17411"},"modified":"2020-12-31T00:14:05","modified_gmt":"2020-12-31T00:14:05","slug":"cchc-punta-arenas-dona-3-millones-para-renovacion-de-fachadas-de-locales-centricos","status":"publish","type":"post","link":"https:\/\/www.radiopresidenteibanez.cl\/web\/cchc-punta-arenas-dona-3-millones-para-renovacion-de-fachadas-de-locales-centricos\/","title":{"rendered":"CCHC PUNTA ARENAS DONA $3 MILLONES PARA RENOVACI\u00d3N DE FACHADAS DE LOCALES C\u00c9NTRICOS"},"content":{"rendered":"\n<p>Con el objetivo de impulsar la reactivaci\u00f3n econ\u00f3mica regional, la C\u00e1mara Chilena de la Construcci\u00f3n Punta Arenas acudi\u00f3 al llamado de la Municipalidad y aport\u00f3 tres millones de pesos para que los locatarios de comercios en el centro de la ciudad puedan renovar sus fachadas y as\u00ed mejorar la imagen del espacio p\u00fablico y atraer a m\u00e1s clientes.<\/p>\n\n\n\n<p>M\u00e1s de 21 peque\u00f1as y medianas empresas ubicadas entre Calle Croacia y Av. Col\u00f3n ser\u00e1n beneficiadas con el aporte de la C\u00e1mara y la gesti\u00f3n de la Municipalidad de la capital regional. Estos locatarios se vieron fuertemente afectados por el estallido social de 18 de octubre de 2019 y luego con la pandemia, incluidos los dos periodos largos de cuarentena en la ciudad de Punta Arenas.<\/p>\n\n\n\n<p>\u201cHoy tenemos una ciudad que ha estado paralizada pr\u00e1cticamente un a\u00f1o y quisimos aportar nuestro granito de arena para mejorar la imagen del centro de Punta Arenas e impulsar la reactivaci\u00f3n econ\u00f3mica regional. Esperemos que la poblaci\u00f3n valore este trabajo que se va a realizar, que cuidemos nuestra ciudad\u201d, indic\u00f3 Carlos Braun, presidente de la C\u00e1mara Chilena de la Construcci\u00f3n Punta Arenas.<\/p>\n\n\n\n<p>Con este diagn\u00f3stico concuerda el alcalde de Punta Arenas Claudio Radonich, quien asegur\u00f3 que esta iniciativa es parte de una serie de proyectos de recuperaci\u00f3n que se llevan a cabo en el centro de la ciudad, como por ejemplo el paseo peatonal y arreglos en la Plaza de Armas, entre otros.<\/p>\n\n\n\n<p>\u201cNuestro centro hoy est\u00e1 muy feo y no es ninguna novedad. Por eso lo que estamos buscando hoy d\u00eda es recuperarlo y para ello era importante contar con el apoyo privado. Quiero dar gracias a la C\u00e1mara Chilena de la Construcci\u00f3n Punta Arenas que se ha sumado a esta iniciativa, la cual nos permitir\u00e1 recuperar nuestro centro, nuestra tradicional calle Bories. Este aporte no s\u00f3lo es una colaboraci\u00f3n directa para las pymes regionales, sino tambi\u00e9n es un paso importante para recuperar un espacio p\u00fablico tan lindo y tradicional como es la calle Bories\u201d, asegur\u00f3 el alcalde Claudio Radonich.<\/p>\n\n\n\n<p>Durante los primeros d\u00edas de enero comenzar\u00e1 la renovaci\u00f3n de las fachadas de los locales comerciales, lo que demorar\u00e1 alrededor de 25 d\u00edas de ejecuci\u00f3n. Cabe destacar que el aporte de pintura y otros implementos alcanzar\u00e1n a renovar completamente las fachadas de los comercios, es decir, no s\u00f3lo las partes m\u00e1s da\u00f1adas.<\/p>\n\n\n\n<p>\u201cLa vandalizaci\u00f3n del centro de Punta Arenas nos ha afectado para trabajar, en cuanto a horarios porque la gente andaba con temor. Por eso me parece muy buena esta iniciativa porque nos beneficia a todos: se va a ver m\u00e1s bonita la avenida, el centro de la ciudad. Mejorar la parte visual del centro es un gran aporte porque lamentablemente nos hab\u00edamos acostumbrado a ver la ciudad rayada y con esto nos ayuda a mejorar la imagen\u201d, valor\u00f3 Marcelo Letelier, propietario de la tienda Lelos.<\/p>\n","protected":false},"excerpt":{"rendered":"<p>Con el objetivo de impulsar la reactivaci\u00f3n econ\u00f3mica regional, la C\u00e1mara Chilena de la Construcci\u00f3n Punta Arenas acudi\u00f3 al llamado de la Municipalidad y aport\u00f3 tres millones de pesos para&#8230; <a class=\"read-more\" href=\"https:\/\/www.radiopresidenteibanez.cl\/web\/cchc-punta-arenas-dona-3-millones-para-renovacion-de-fachadas-de-locales-centricos\/\">Leer m\u00e1s<\/a><\/p>\n","protected":false},"author":2,"featured_media":17412,"comment_status":"closed","ping_status":"closed","sticky":false,"template":"","format":"standard","meta":{"footnotes":""},"categories":[1],"tags":[],"class_list":["post-17411","post","type-post","status-publish","format-standard","has-post-thumbnail","hentry","category-cronica"],"_links":{"self":[{"href":"https:\/\/www.radiopresidenteibanez.cl\/web\/wp-json\/wp\/v2\/posts\/17411","targetHints":{"allow":["GET"]}}],"collection":[{"href":"https:\/\/www.radiopresidenteibanez.cl\/web\/wp-json\/wp\/v2\/posts"}],"about":[{"href":"https:\/\/www.radiopresidenteibanez.cl\/web\/wp-json\/wp\/v2\/types\/post"}],"author":[{"embeddable":true,"href":"https:\/\/www.radiopresidenteibanez.cl\/web\/wp-json\/wp\/v2\/users\/2"}],"replies":[{"embeddable":true,"href":"https:\/\/www.radiopresidenteibanez.cl\/web\/wp-json\/wp\/v2\/comments?post=17411"}],"version-history":[{"count":0,"href":"https:\/\/www.radiopresidenteibanez.cl\/web\/wp-json\/wp\/v2\/posts\/17411\/revisions"}],"wp:featuredmedia":[{"embeddable":true,"href":"https:\/\/www.radiopresidenteibanez.cl\/web\/wp-json\/wp\/v2\/media\/17412"}],"wp:attachment":[{"href":"https:\/\/www.radiopresidenteibanez.cl\/web\/wp-json\/wp\/v2\/media?parent=17411"}],"wp:term":[{"taxonomy":"category","embeddable":true,"href":"https:\/\/www.radiopresidenteibanez.cl\/web\/wp-json\/wp\/v2\/categories?post=17411"},{"taxonomy":"post_tag","embeddable":true,"href":"https:\/\/www.radiopresidenteibanez.cl\/web\/wp-json\/wp\/v2\/tags?post=17411"}],"curies":[{"name":"wp","href":"https:\/\/api.w.org\/{rel}","templated":true}]}}