{"id":17406,"date":"2020-12-31T00:10:41","date_gmt":"2020-12-31T00:10:41","guid":{"rendered":"https:\/\/www.radiopresidenteibanez.cl\/web\/?p=17406"},"modified":"2020-12-31T00:10:45","modified_gmt":"2020-12-31T00:10:45","slug":"seremi-nolberto-saez-repasa-los-hitos-mas-significativos-del-2020-en-materia-energetica","status":"publish","type":"post","link":"https:\/\/www.radiopresidenteibanez.cl\/web\/seremi-nolberto-saez-repasa-los-hitos-mas-significativos-del-2020-en-materia-energetica\/","title":{"rendered":"SEREMI NOLBERTO S\u00c1EZ REPASA LOS HITOS M\u00c1S SIGNIFICATIVOS DEL 2020 EN MATERIA ENERG\u00c9TICA"},"content":{"rendered":"\n<p>El SEREMI de Energ\u00eda de Magallanes, Ingeniero Nolberto S\u00e1ez, coment\u00f3 los principales hitos que, en materia energ\u00e9tica marcaron el a\u00f1o 2020 pr\u00f3ximo a terminar.\u00a0 <\/p>\n\n\n\n<p>El Secretario\nRegional de Energ\u00eda parti\u00f3 valorando el actuar del Gobierno durante \u201clos\nmomentos m\u00e1s cr\u00edticos de la pandemia producto del Covid \u2013 19\u201d, dijo. \u201cEn el\ncontexto de emergencia sanitaria, el Gobierno del Presidente Sebasti\u00e1n Pi\u00f1era reaccion\u00f3\na tiempo gestionando medidas que no requirieron de una ley expresa para operar.\nTodo lo contrario, se pusieron en pr\u00e1ctica en cuanto se anunciaron, lo cual\nasegur\u00f3 el suministro de servicios b\u00e1sicos para todos los chilenos,\nimpidi\u00e9ndose en el caso de la luz, el corte por no pago y la suspensi\u00f3n del\ncobro de hora punta en invierno\u201d, puntualiz\u00f3 S\u00e1ez. <\/p>\n\n\n\n<p><strong>ACCESO Y MODERNIZACI\u00d3N<\/strong><\/p>\n\n\n\n<p>El SEREMI S\u00e1ez\ntambi\u00e9n destac\u00f3 que a lo largo y ancho del pa\u00eds, gracias al Mapa de Vulnerabilidad\nEnerg\u00e9tica, la Ruta de la Luz permiti\u00f3 que casi 2500 familias de sectores\naislados y rurales accedieran por primera vez a la electricidad. <\/p>\n\n\n\n<p>La autoridad\nregional del ramo se\u00f1al\u00f3 que uno de los principales objetivos ministeriales es\nla modernizaci\u00f3n energ\u00e9tica del pa\u00eds, por lo que se ha iniciado la mayor\nreforma en 40 a\u00f1os al sistema de distribuci\u00f3n el\u00e9ctrica chileno para modernizar\nel sector y mejorar la calidad de servicio poniendo siempre en el podio de este\ncambio, a las personas\u201d.<\/p>\n\n\n\n<p>En esta misma\nl\u00ednea, es que la cartera de Energ\u00eda impuls\u00f3 la creaci\u00f3n del nuevo Reglamento de\nGeneraci\u00f3n Distribuida que dar\u00e1 operatividad la ley que la regula, lo cual\npromover\u00e1 la autogeneraci\u00f3n de electricidad verde tanto a nivel residencial\ncomo comercial. <\/p>\n\n\n\n<p><strong>RENOVABLE <\/strong><\/p>\n\n\n\n<p>En otro punto,\nS\u00e1ez mencion\u00f3 que pese a las dificultades que ha debido enfrentar el pa\u00eds a nivel\ninterno con los agudos focos de violencia delincuencial producidos el 2019, y\nla pandemia este a\u00f1o, continuamos avanzando en la descarbonizaci\u00f3n de nuestra\nmatriz energ\u00e9tica, cumpliendo con el cronograma de cierre de centrales a\ncarb\u00f3n. No obstante, se adelantaron cierres en las zonas de alta concentraci\u00f3n\nindustrial, tal como acaba de ocurrir este martes cuando el biministro de\nEnerg\u00eda y Miner\u00eda, Juan Carlos Jobet junto al Presidente Pi\u00f1era y su par de\nMedio Ambiente, Carolina Schmidt, formalizaron la salida de operaciones de la\ncentral Ventanas 1, hecho que evitar\u00e1 la emisi\u00f3n de 182 mil toneladas de CO2 a\nla atm\u00f3sfera.&nbsp; &nbsp;&nbsp;&nbsp;<\/p>\n\n\n\n<p>\u201cEsta se\u00f1al se\nrefuerza con lo informado recientemente por el ministro Jobet: de aqu\u00ed al 2024,\nlas centrales a carb\u00f3n que dejar\u00e1n de funcionar ser\u00e1n 11 y a mediados del 2021,\nVentanas 2\u201d. <\/p>\n\n\n\n<p>En esta\nmisma l\u00ednea el SEREMI S\u00e1ez, remarc\u00f3 la apreciaci\u00f3n de la comunidad internacional\nsobre Chile en base a par\u00e1metros objetivos, en clara referencia al Reporte\nClimatescope 2020 de Bloomberg que ubica a Chile como el pa\u00eds m\u00e1s atractivo\npara invertir en energ\u00edas renovables observamos el registro hist\u00f3rico de Chile\nen este importante ranking mundial, apreciaremos que el 2017 ocup\u00e1bamos el\npuesto n\u00famero 7; saltando desde el 2018 a la fecha, al top one\u201d, detall\u00f3 el\ntitular regional de Energ\u00eda, quien complement\u00f3 que durante el 2020 las inversiones en energ\u00edas limpias superaron los US$ 30\nmil millones\u201d. &nbsp;<\/p>\n\n\n\n<p>\u201cEsto se condice\ncon la generaci\u00f3n de energ\u00edas renovables, la cual super\u00f3 el 21% del consumo\ntotal del pa\u00eds\u201d, sostuvo y agreg\u00f3: &nbsp;&nbsp;<\/p>\n\n\n\n<p>\u201cLa cifra\nsignifica mucho por varias razones; por ejemplo, todo el trabajo que se hizo\npara alcanzarla, y el que se sigue haciendo para superarla. Este era un\nobjetivo fijado por ley para cumplirse el 2025. Lo conseguimos el 2020, cinco\na\u00f1os antes\u201d, destac\u00f3 S\u00e1ez. <\/p>\n\n\n\n<p>M\u00e1s de 70 mil\ncasas postularon al Programa Casa Solar, generando en la regi\u00f3n un gran inter\u00e9s\nmanifestado en una alta participaci\u00f3n a esta convocatoria que permite adquirir paneles\nsolares a menor costo y complementarlos con un conveniente cr\u00e9dito verde de\nBanco Estado destinado a financiar proyectos renovables y\/o de eficiencia\nenerg\u00e9tica. \u201cRespecto a Magallanes y conforme a los antecedentes presentados,\nse est\u00e1 considerando llevar adelante proyectos en dos comunas de la regi\u00f3n\u201d,\ncont\u00f3.<\/p>\n\n\n\n<p>A esto se suma la\ncreaci\u00f3n del Plan para terminar con la contaminaci\u00f3n por le\u00f1a en la Zona Sur del\npa\u00eds. Se trata de Recambia Tu Calor, que ofrece una tarifa el\u00e9ctrica m\u00e1s barata\npara calefacci\u00f3n a fin de incentivar el reemplazo de la le\u00f1a por el de\nelectricidad.<\/p>\n\n\n\n<p><strong>UNA MIRADA CON FUTURO <\/strong><\/p>\n\n\n\n<p>Finalmente, el\nSEREMI S\u00e1ez alab\u00f3 el trabajo y despliegue que el biministro de Energ\u00eda y Miner\u00eda,\nJuan Carlos Jobet, junto al subsecretario Francisco L\u00f3pez han realizado en\ntorno al hidr\u00f3geno verde. <\/p>\n\n\n\n<p>\u201cHace dos a\u00f1os c\u00edrculos\nmuy peque\u00f1os mencionaban el hidr\u00f3geno verde, y muy pocas personas sab\u00edan de qu\u00e9\nse trataba esto. Hoy estamos hablando de este combustible verde, hemos despertado\nel inter\u00e9s internacional para invertir en Chile, y ya hemos definido -tras un\ntrabajo colaborativo, dialogante y con mirada de Estado, las bases y\nlineamientos de una clara y robusta Estrategia Nacional de Hidr\u00f3geno Verde\u201d. <\/p>\n\n\n\n<p>El ingeniero\nel\u00e9ctrico a\u00f1adi\u00f3 que el Gobierno del presidente Pi\u00f1era encarg\u00f3 una tarea\ndif\u00edcil que el biministro Jobet junto a su equipo ha sabido sacar adelante. <\/p>\n\n\n\n<p>\u201cSe logr\u00f3 poner\nel tema en agenda y situar a Chile a la cabeza de esta oportunidad, siendo Magallanes\nla primera regi\u00f3n en albergar un piloto de hidr\u00f3geno verde, lo cual ha despertado\nel inter\u00e9s global por invertir en nuestra Patagonia debido a las condiciones excepcionales\ncon que contamos en cuanto a fuentes renovables\u201d, explic\u00f3. <\/p>\n\n\n\n<p>Seg\u00fan S\u00e1ez, esto\npermitir\u00eda generar el hidr\u00f3geno verde m\u00e1s barato y por tanto m\u00e1s competitivo del\nplaneta, lo que podr\u00eda significar la creaci\u00f3n de unos 100 mil nuevos puestos de\ntrabajo asociados a esta industria, en cuyo caso se mover\u00edan en los pr\u00f3ximos 20\na\u00f1os m\u00e1s de US$ 200 mil millones. <\/p>\n\n\n\n<p>El combustible\ndel futuro -como se le ha llamado-, se estima, alcanzar\u00eda un desarrollo equivalente\nal del cobre. \n\n\u201cEl\n\u00e9xito de esta tarea pa\u00eds depende de que lo hagamos bien ahora, con mirada de\nlargo plazo y de tener en cuenta que nuestro futuro lo construimos en el\npresente. Hasta ahora vamos bien encaminados\u201d, apunt\u00f3 la m\u00e1xima autoridad\nregional de Energ\u00eda. &nbsp;&nbsp;&nbsp;\n\n\n\n<\/p>\n","protected":false},"excerpt":{"rendered":"<p>El SEREMI de Energ\u00eda de Magallanes, Ingeniero Nolberto S\u00e1ez, coment\u00f3 los principales hitos que, en materia energ\u00e9tica marcaron el a\u00f1o 2020 pr\u00f3ximo a terminar.\u00a0 El Secretario Regional de Energ\u00eda parti\u00f3&#8230; <a class=\"read-more\" href=\"https:\/\/www.radiopresidenteibanez.cl\/web\/seremi-nolberto-saez-repasa-los-hitos-mas-significativos-del-2020-en-materia-energetica\/\">Leer m\u00e1s<\/a><\/p>\n","protected":false},"author":2,"featured_media":6889,"comment_status":"closed","ping_status":"closed","sticky":false,"template":"","format":"standard","meta":{"footnotes":""},"categories":[1],"tags":[],"class_list":["post-17406","post","type-post","status-publish","format-standard","has-post-thumbnail","hentry","category-cronica"],"_links":{"self":[{"href":"https:\/\/www.radiopresidenteibanez.cl\/web\/wp-json\/wp\/v2\/posts\/17406","targetHints":{"allow":["GET"]}}],"collection":[{"href":"https:\/\/www.radiopresidenteibanez.cl\/web\/wp-json\/wp\/v2\/posts"}],"about":[{"href":"https:\/\/www.radiopresidenteibanez.cl\/web\/wp-json\/wp\/v2\/types\/post"}],"author":[{"embeddable":true,"href":"https:\/\/www.radiopresidenteibanez.cl\/web\/wp-json\/wp\/v2\/users\/2"}],"replies":[{"embeddable":true,"href":"https:\/\/www.radiopresidenteibanez.cl\/web\/wp-json\/wp\/v2\/comments?post=17406"}],"version-history":[{"count":0,"href":"https:\/\/www.radiopresidenteibanez.cl\/web\/wp-json\/wp\/v2\/posts\/17406\/revisions"}],"wp:featuredmedia":[{"embeddable":true,"href":"https:\/\/www.radiopresidenteibanez.cl\/web\/wp-json\/wp\/v2\/media\/6889"}],"wp:attachment":[{"href":"https:\/\/www.radiopresidenteibanez.cl\/web\/wp-json\/wp\/v2\/media?parent=17406"}],"wp:term":[{"taxonomy":"category","embeddable":true,"href":"https:\/\/www.radiopresidenteibanez.cl\/web\/wp-json\/wp\/v2\/categories?post=17406"},{"taxonomy":"post_tag","embeddable":true,"href":"https:\/\/www.radiopresidenteibanez.cl\/web\/wp-json\/wp\/v2\/tags?post=17406"}],"curies":[{"name":"wp","href":"https:\/\/api.w.org\/{rel}","templated":true}]}}