{"id":17395,"date":"2020-12-31T02:45:00","date_gmt":"2020-12-31T02:45:00","guid":{"rendered":"https:\/\/www.radiopresidenteibanez.cl\/web\/?p=17395"},"modified":"2020-12-30T17:55:24","modified_gmt":"2020-12-30T17:55:24","slug":"140-personas-terminan-el-ano-con-las-llaves-de-su-departamento-en-edificios-pioneros-6","status":"publish","type":"post","link":"https:\/\/www.radiopresidenteibanez.cl\/web\/140-personas-terminan-el-ano-con-las-llaves-de-su-departamento-en-edificios-pioneros-6\/","title":{"rendered":"140 PERSONAS TERMINAN EL A\u00d1O CON LAS LLAVES DE SU DEPARTAMENTO EN EDIFICIOS PIONEROS 6"},"content":{"rendered":"\n<p>140 nuevos propietarios de Punta Arenas recibieron las llaves de sus departamentos en el condominio Pioneros 6, construidos con subsidios del Fondo Solidario de Elecci\u00f3n de Vivienda del Ministerio de Vivienda Y Urbanismo.<\/p>\n\n\n\n<p>Las personas que recibieron sus llaves fueron saludas por la intendenta regional Jenniffer Rojas, la seremi de Hacienda Lil Garc\u00e9s, el seremi subrogante de Vivienda y Urbanismo Atircio Aguilera y el director de Serviu Dubalio P\u00e9rez, en el ingreso al condominio, ante la nueva modalidad de entrega en que cada beneficiario es citado en un horario determinado para recibir las llaves y firmar documentos, luego de lo cual debieron retirarse para que ingresara otro beneficiario al edificio.<\/p>\n\n\n\n<p>En la oportunidad adem\u00e1s acompa\u00f1aron a Sa\u00fal Escobar, quien durante el fin de semana espera empezar a trabajar en la habilitaci\u00f3n del departamento, para cambiarse durante el mes de enero. \u201cCon mi familia estuvimos 5 a\u00f1os ahorrando para poder postular a al subsidio y sali\u00f3 la posibilidad de postular a trav\u00e9s de Salfa, el proceso dur\u00f3 alrededor de dos a\u00f1os. El subsidio me lo fueron a dejar a mi casa en octubre del a\u00f1o pasado y ahora de regalo de Navidad recibimos las llaves, vamos a vivir con mi se\u00f1ora y cinco de mis hijos\u201d, manifest\u00f3 el orgulloso nuevo propietario<\/p>\n\n\n\n<p>.<\/p>\n\n\n\n<p>La intendenta regional Jenniffer Rojas destac\u00f3 que \u201choy se culmina con un gran proyecto del Gobierno, que se est\u00e1 entregando desde 2018, con estos 140 departamentos. Quiero destacar que 90 de los beneficiarios son mujeres, las mujeres han tenido un rol fundamental durante este a\u00f1o tan dif\u00edcil con la Pandemia, han tenido que postergarse muchas veces y han tenido que postergar sus fuentes de empleo, por tanto, poder entregar 90 departamentos a familias lideradas por mujeres, esta soluci\u00f3n habitacional, es tambi\u00e9n poder apoyar en liberaci\u00f3n de recursos, con la casa propia\u201d.<\/p>\n\n\n\n<p>El director regional de Serviu explic\u00f3 que el proyecto \u201ccuenta con 7 bloques de 20 departamentos cada uno, son departamentos de 57 m2 con tres dormitorios, calefacci\u00f3n central e incorporamos ventanas termopanel, que era una situaci\u00f3n que nos produc\u00eda algunos inconvenientes en proyectos anteriores y cada vez que se ven inconvenientes los estamos desarrollando y mejorando en nuestros procesos\u201d.<\/p>\n\n\n\n<p>\u201cAqu\u00ed queremos destacar que la construcci\u00f3n en altura tambi\u00e9n permite mejorar la ubicaci\u00f3n de las nuevas viviendas. Aqu\u00ed tenemos un proyecto que est\u00e1 muy cercano a centros comerciales, a colegios y eso es muy importante para generar integraci\u00f3n de las familias que son m\u00e1s vulnerables\u201d, agreg\u00f3 la autoridad de Serviu.<\/p>\n\n\n\n<p>Mientras, el seremi (s) de Vivienda Atircio Aguilera sabemos que no ha sido un a\u00f1o f\u00e1cil, y en ese sentido se aprovech\u00f3 bien la mano de obra y recursos disponibles y la empresa aceler\u00f3 los procesos, lo que permiti\u00f3 y se logr\u00f3 terminar de manera anticipada los departamentos, el contrato de t\u00e9rmino era mediados de 2021, esto obviamente nos ponemos contentos por las familias que van a poder llegar anticipadamente a su soluci\u00f3n habitacional\u201d.<\/p>\n\n\n\n<p>El costo total del proyecto fue de casi 5500 millones de pesos y unitariamente, cada departamento tiene un consto de construcci\u00f3n e 38 millones de pesos.<\/p>\n","protected":false},"excerpt":{"rendered":"<p>140 nuevos propietarios de Punta Arenas recibieron las llaves de sus departamentos en el condominio Pioneros 6, construidos con subsidios del Fondo Solidario de Elecci\u00f3n de Vivienda del Ministerio de&#8230; <a class=\"read-more\" href=\"https:\/\/www.radiopresidenteibanez.cl\/web\/140-personas-terminan-el-ano-con-las-llaves-de-su-departamento-en-edificios-pioneros-6\/\">Leer m\u00e1s<\/a><\/p>\n","protected":false},"author":2,"featured_media":17396,"comment_status":"closed","ping_status":"closed","sticky":false,"template":"","format":"standard","meta":{"footnotes":""},"categories":[1],"tags":[],"class_list":["post-17395","post","type-post","status-publish","format-standard","has-post-thumbnail","hentry","category-cronica"],"_links":{"self":[{"href":"https:\/\/www.radiopresidenteibanez.cl\/web\/wp-json\/wp\/v2\/posts\/17395","targetHints":{"allow":["GET"]}}],"collection":[{"href":"https:\/\/www.radiopresidenteibanez.cl\/web\/wp-json\/wp\/v2\/posts"}],"about":[{"href":"https:\/\/www.radiopresidenteibanez.cl\/web\/wp-json\/wp\/v2\/types\/post"}],"author":[{"embeddable":true,"href":"https:\/\/www.radiopresidenteibanez.cl\/web\/wp-json\/wp\/v2\/users\/2"}],"replies":[{"embeddable":true,"href":"https:\/\/www.radiopresidenteibanez.cl\/web\/wp-json\/wp\/v2\/comments?post=17395"}],"version-history":[{"count":0,"href":"https:\/\/www.radiopresidenteibanez.cl\/web\/wp-json\/wp\/v2\/posts\/17395\/revisions"}],"wp:featuredmedia":[{"embeddable":true,"href":"https:\/\/www.radiopresidenteibanez.cl\/web\/wp-json\/wp\/v2\/media\/17396"}],"wp:attachment":[{"href":"https:\/\/www.radiopresidenteibanez.cl\/web\/wp-json\/wp\/v2\/media?parent=17395"}],"wp:term":[{"taxonomy":"category","embeddable":true,"href":"https:\/\/www.radiopresidenteibanez.cl\/web\/wp-json\/wp\/v2\/categories?post=17395"},{"taxonomy":"post_tag","embeddable":true,"href":"https:\/\/www.radiopresidenteibanez.cl\/web\/wp-json\/wp\/v2\/tags?post=17395"}],"curies":[{"name":"wp","href":"https:\/\/api.w.org\/{rel}","templated":true}]}}