{"id":1739,"date":"2019-03-01T17:35:24","date_gmt":"2019-03-01T17:35:24","guid":{"rendered":"http:\/\/www.radiopresidenteibanez.cl\/web\/?p=1739"},"modified":"2019-03-01T17:35:58","modified_gmt":"2019-03-01T17:35:58","slug":"conaf-expulsa-a-turista-por-navegar-con-kayak-en-lugar-no-permitido","status":"publish","type":"post","link":"https:\/\/www.radiopresidenteibanez.cl\/web\/conaf-expulsa-a-turista-por-navegar-con-kayak-en-lugar-no-permitido\/","title":{"rendered":"CONAF EXPULSA A TURISTA POR NAVEGAR CON KAYAK EN LUGAR NO PERMITIDO"},"content":{"rendered":"\n<p>En el d\u00eda mi\u00e9rcoles y tras ser\nsorprendido por personal guardaparques navegando con kayak en un lugar no\npermitido para dicha actividad, un turista extranjero fue expulsado del Parque\nNacional Torres del Paine.<\/p>\n\n\n\n<p>La medida fue concretada por\nguardaparques de Conaf con ayuda del equipo de Carabineros &nbsp;instalado en el sector por infringir la normativa\nque rige al interior del Parque, la que, si bien no impide la navegaci\u00f3n con\nkayak en la totalidad del territorio que conforma el Parque Nacional Torres del\nPaine, &nbsp;proh\u00edbe hacerlo en el \u00e1rea donde\nel turista de nacionalidad japonesa fue sorprendido por Conaf. Se trata del\nsector de la laguna de Base Las Torres, un lugar no permitido para estas\nactividades debido al resguardo de su diversidad biol\u00f3gica ante el riego de\nelementos contaminantes, as\u00ed como tambi\u00e9n por ser un lugar de complejo acceso\nque puede colocar en riesgo la seguridad de los visitantes.<\/p>\n\n\n\n<p>De acuerdo a su reglamentaci\u00f3n,\nConaf exige para navegaci\u00f3n de toda \u00edndole &nbsp;un certificado de desinfecci\u00f3n emitido por\nempresas independientes y que debe identificar claramente qu\u00e9 embarcaci\u00f3n y\nequipamiento ha sido tratado, teniendo estos documentos una validez de s\u00f3lo dos\nd\u00edas. En el caso de navegaci\u00f3n en kayak, existen sectores espec\u00edficos para\nhacerlo, y el registro debe realizarse en porter\u00eda Serrano, procediendo&nbsp; el personal guardaparques a verificar la\ncertificaci\u00f3n correspondiente.<\/p>\n\n\n\n<p>El procedimiento de expulsi\u00f3n del\nParque se cumple de igual forma para turistas nacionales y\/o extranjeros, el\ncual tras comprobarse los hechos se informa a la Administraci\u00f3n del Parque\nNacional Torres del Paine, la cual solicita la presencia de Carabineros en el\nsector, quienes tras tomar los antecedentes llevan a los infractores hasta la\nciudad de Puerto Natales. <\/p>\n\n\n\n<p>Al ingresar al Parque Nacional\nTorres del Paine,&nbsp; todos los visitantes\nfirman un documento que indica claramente las obligaciones a seguir en los\nsenderos de dicha unidad, entre las que destaca la prohibici\u00f3n de hacer fuego,\nacampar en lugares no autorizados y realizar actividades que requieren\ncertificados de autorizaci\u00f3n.<\/p>\n","protected":false},"excerpt":{"rendered":"<p>En el d\u00eda mi\u00e9rcoles y tras ser sorprendido por personal guardaparques navegando con kayak en un lugar no permitido para dicha actividad, un turista extranjero fue expulsado del Parque Nacional&#8230; <a class=\"read-more\" href=\"https:\/\/www.radiopresidenteibanez.cl\/web\/conaf-expulsa-a-turista-por-navegar-con-kayak-en-lugar-no-permitido\/\">Leer m\u00e1s<\/a><\/p>\n","protected":false},"author":2,"featured_media":1740,"comment_status":"closed","ping_status":"closed","sticky":false,"template":"","format":"standard","meta":{"footnotes":""},"categories":[1],"tags":[],"class_list":["post-1739","post","type-post","status-publish","format-standard","has-post-thumbnail","hentry","category-cronica"],"_links":{"self":[{"href":"https:\/\/www.radiopresidenteibanez.cl\/web\/wp-json\/wp\/v2\/posts\/1739","targetHints":{"allow":["GET"]}}],"collection":[{"href":"https:\/\/www.radiopresidenteibanez.cl\/web\/wp-json\/wp\/v2\/posts"}],"about":[{"href":"https:\/\/www.radiopresidenteibanez.cl\/web\/wp-json\/wp\/v2\/types\/post"}],"author":[{"embeddable":true,"href":"https:\/\/www.radiopresidenteibanez.cl\/web\/wp-json\/wp\/v2\/users\/2"}],"replies":[{"embeddable":true,"href":"https:\/\/www.radiopresidenteibanez.cl\/web\/wp-json\/wp\/v2\/comments?post=1739"}],"version-history":[{"count":0,"href":"https:\/\/www.radiopresidenteibanez.cl\/web\/wp-json\/wp\/v2\/posts\/1739\/revisions"}],"wp:featuredmedia":[{"embeddable":true,"href":"https:\/\/www.radiopresidenteibanez.cl\/web\/wp-json\/wp\/v2\/media\/1740"}],"wp:attachment":[{"href":"https:\/\/www.radiopresidenteibanez.cl\/web\/wp-json\/wp\/v2\/media?parent=1739"}],"wp:term":[{"taxonomy":"category","embeddable":true,"href":"https:\/\/www.radiopresidenteibanez.cl\/web\/wp-json\/wp\/v2\/categories?post=1739"},{"taxonomy":"post_tag","embeddable":true,"href":"https:\/\/www.radiopresidenteibanez.cl\/web\/wp-json\/wp\/v2\/tags?post=1739"}],"curies":[{"name":"wp","href":"https:\/\/api.w.org\/{rel}","templated":true}]}}