{"id":1736,"date":"2019-03-01T17:26:48","date_gmt":"2019-03-01T17:26:48","guid":{"rendered":"http:\/\/www.radiopresidenteibanez.cl\/web\/?p=1736"},"modified":"2019-03-01T17:27:37","modified_gmt":"2019-03-01T17:27:37","slug":"conaf-inicia-el-1-de-marzo-entrega-de-arboles-a-la-comunidad","status":"publish","type":"post","link":"https:\/\/www.radiopresidenteibanez.cl\/web\/conaf-inicia-el-1-de-marzo-entrega-de-arboles-a-la-comunidad\/","title":{"rendered":"CONAF INICIA EL 1 DE MARZO ENTREGA DE \u00c1RBOLES A LA COMUNIDAD"},"content":{"rendered":"\n<p>Como parte de&nbsp; su programa de arborizaci\u00f3n, durante el a\u00f1o\n2018 la Corporaci\u00f3n Nacional Forestal CONAF se ha propuesto entregar 30.000\n\u00e1rboles a personas naturales y organizaciones de las distintas comunas de la\nRegi\u00f3n de Magallanes y Ant\u00e1rtica Chilena.<\/p>\n\n\n\n<p>Desde el mes de marzo, la\ninstituci\u00f3n forestal dependiente del Ministerio de Agricultura entrega \u00e1rboles\nen forma gratuita a personas u organizaciones que desean mejorar su entorno por\nmedio de la plantaci\u00f3n de diversas especies nativas como lenga, coig\u00fce, coig\u00fce\nde Magallanes, notro, le\u00f1adura, as\u00ed como especies ex\u00f3ticas&nbsp; donde se encuentran el cipr\u00e9s macrocarpa,\ncipr\u00e9s de lawson, serval, \u00e1lamos, sauces, abedul, entre otras.<\/p>\n\n\n\n<p>Todas forman parte del este\nprograma \u00abUn chileno, un \u00e1rbol\u00bb&nbsp;\niniciativa que parti\u00f3 el 2010 durante el primer gobierno del Presidente\nSebasti\u00e1n Pi\u00f1era y que contin\u00faa durante su segunda administraci\u00f3n. Para ello, CONAF,&nbsp; a&nbsp;\ntrav\u00e9s de los viveros forestales y centros&nbsp; de acopio ubicados en R\u00edo Los Ciervos, en\nPunta Arenas, y el sector de huertos familiares en Puerto Natales, donde se\nproducen y mantienen las distintas especies de \u00e1rboles.<\/p>\n\n\n\n<p>Personas naturales pueden\ninscribirse a las oficinas de CONAF, mientras que organizaciones sociales como\njuntas de vecinos, agrupaciones e instituciones p\u00fablicas y privadas, pueden\ngenerar una propuesta de acuerdo a sus necesidades para implementar en sus\nterrenos un proyecto de arborizaci\u00f3n, recibiendo el apoyo y asesor\u00eda de los\nfuncionarios de la corporaci\u00f3n durante este proceso.<\/p>\n\n\n\n<p>La Seremi de Agricultura (s),\nFrancisca Rojas, destaco la apertura del programa de Conaf este a\u00f1o 2019,\nse\u00f1alando la importancia de que la comunidad sea informada sobre sus beneficios\ny aproveche la oportunidad de \u201cllevar un \u00e1rbol, lo cuide y por supuesto lo\nriegue y as\u00ed nuestros hijos e hijas puedan heredar lindas avenidas como lo es\nhoy la Avenida Bulnes de nuestra ciudad\u201d <\/p>\n\n\n\n<p>Durante el a\u00f1o 2018 se entregaron\nm\u00e1s de 40.000 \u00e1rboles, superando la meta establecida oficialmente de 30.000\nejemplares. Esta cifra se materializ\u00f3 no s\u00f3lo en entrega de \u00e1rboles a personas\nparticulares, tambi\u00e9n a propietarios agr\u00edcolas y organizaciones sociales, donde\nel programa&nbsp; \u201cUn Chileno, un \u00e1rbol\u201d\nrealiz\u00f3 actividades de arborizaci\u00f3n en comunidades como fue en el sector\nhabitacional de Vista Norte, arborizaci\u00f3n de plazoletas en Porvenir, alianza\ncon Carabineros y el Ej\u00e9rcito, as\u00ed como tambi\u00e9n a comienzos de este a\u00f1o firm\u00f3\nun convenio de colaboraci\u00f3n con el Fosis para que los usuarios puedan generar\npropuestas de arborizar sus barrios.<\/p>\n\n\n\n<p>A estas se suman a otras desarrolladas\npor CONAF como charlas a escuelas, capacitaci\u00f3n en plantaci\u00f3n de \u00e1rboles&nbsp; a funcionarios de instituciones p\u00fablicas y\nprivadas; &nbsp;participaci\u00f3n en ferias del\nagro y fiestas campesinas que se realizan en distintas comunas de la regi\u00f3n. Una\nde sus primeras&nbsp; actividades&nbsp; en marzo ser\u00e1 su participaci\u00f3n en la Expogama\n2019, donde contar\u00e1 con un stand para la entrega de \u00e1rboles a los asistentes. De\nigual forma, los viveros de CONAF cumplen una importante labor en los procesos\nde reforestaci\u00f3n tras los megaincendios que afectaron al Parque Nacional Torres\ndel Paine, recibiendo, adem\u00e1s, la visita de organizaciones sociales y\nestudiantes que desean conocer los&nbsp; procesos\nde producci\u00f3n de \u00e1rboles que all\u00ed se realizan<\/p>\n","protected":false},"excerpt":{"rendered":"<p>Como parte de&nbsp; su programa de arborizaci\u00f3n, durante el a\u00f1o 2018 la Corporaci\u00f3n Nacional Forestal CONAF se ha propuesto entregar 30.000 \u00e1rboles a personas naturales y organizaciones de las distintas&#8230; <a class=\"read-more\" href=\"https:\/\/www.radiopresidenteibanez.cl\/web\/conaf-inicia-el-1-de-marzo-entrega-de-arboles-a-la-comunidad\/\">Leer m\u00e1s<\/a><\/p>\n","protected":false},"author":2,"featured_media":1737,"comment_status":"closed","ping_status":"closed","sticky":false,"template":"","format":"standard","meta":{"footnotes":""},"categories":[1],"tags":[],"class_list":["post-1736","post","type-post","status-publish","format-standard","has-post-thumbnail","hentry","category-cronica"],"_links":{"self":[{"href":"https:\/\/www.radiopresidenteibanez.cl\/web\/wp-json\/wp\/v2\/posts\/1736","targetHints":{"allow":["GET"]}}],"collection":[{"href":"https:\/\/www.radiopresidenteibanez.cl\/web\/wp-json\/wp\/v2\/posts"}],"about":[{"href":"https:\/\/www.radiopresidenteibanez.cl\/web\/wp-json\/wp\/v2\/types\/post"}],"author":[{"embeddable":true,"href":"https:\/\/www.radiopresidenteibanez.cl\/web\/wp-json\/wp\/v2\/users\/2"}],"replies":[{"embeddable":true,"href":"https:\/\/www.radiopresidenteibanez.cl\/web\/wp-json\/wp\/v2\/comments?post=1736"}],"version-history":[{"count":0,"href":"https:\/\/www.radiopresidenteibanez.cl\/web\/wp-json\/wp\/v2\/posts\/1736\/revisions"}],"wp:featuredmedia":[{"embeddable":true,"href":"https:\/\/www.radiopresidenteibanez.cl\/web\/wp-json\/wp\/v2\/media\/1737"}],"wp:attachment":[{"href":"https:\/\/www.radiopresidenteibanez.cl\/web\/wp-json\/wp\/v2\/media?parent=1736"}],"wp:term":[{"taxonomy":"category","embeddable":true,"href":"https:\/\/www.radiopresidenteibanez.cl\/web\/wp-json\/wp\/v2\/categories?post=1736"},{"taxonomy":"post_tag","embeddable":true,"href":"https:\/\/www.radiopresidenteibanez.cl\/web\/wp-json\/wp\/v2\/tags?post=1736"}],"curies":[{"name":"wp","href":"https:\/\/api.w.org\/{rel}","templated":true}]}}