{"id":17346,"date":"2020-12-29T13:03:36","date_gmt":"2020-12-29T13:03:36","guid":{"rendered":"https:\/\/www.radiopresidenteibanez.cl\/web\/?p=17346"},"modified":"2020-12-29T13:03:41","modified_gmt":"2020-12-29T13:03:41","slug":"75-anos-del-descubrimiento-del-petroleo-en-magallanes","status":"publish","type":"post","link":"https:\/\/www.radiopresidenteibanez.cl\/web\/75-anos-del-descubrimiento-del-petroleo-en-magallanes\/","title":{"rendered":"75 A\u00d1OS DEL DESCUBRIMIENTO DEL PETR\u00d3LEO EN MAGALLANES:"},"content":{"rendered":"\n<p>Este 29 de diciembre se cumple un nuevo aniversario del hito que cambiar\u00eda la historia de Magallanes: el descubrimiento del petr\u00f3leo.<\/p>\n\n\n\n<p>Dicho evento hist\u00f3rico, no solo impactar\u00eda en la econom\u00eda de nuestra regi\u00f3n, en la generaci\u00f3n de nuevas fuentes de trabajo, conectividad en la zona m\u00e1s apartada y aislada de Chile. Los pioneros del petr\u00f3leo nunca imaginaron (probablemente) c\u00f3mo tan impresionante descubrimiento derivar\u00eda en lo que hoy es Magallanes.<\/p>\n\n\n\n<p>Al cumplirse 75 a\u00f1os de esta epopeya, es momento de reflexionar sobre c\u00f3mo nos proyectamos hacia el futuro en materia energ\u00e9tica. Ayer y por estos d\u00edas, fue el petr\u00f3leo y el gas, pero sin duda debemos mirar con especial seriedad el lugar que ocupar\u00e1n las energ\u00edas renovables y con mayor fuerza el insipiente Hidr\u00f3geno verde, cuyo desarrollo depender\u00e1 -en gran medida- del rol que asuma Enap, como garante de la matriz energ\u00e9tica de la regi\u00f3n y del pa\u00eds.<\/p>\n\n\n\n<p>Es tiempo de reflexionar entonces, sobre aspectos simples: el entusiasmo, los sue\u00f1os, las metas y&nbsp; la mirada de futuro de aquello que encarna y encanta a quienes nos hemos involucrado con esta historia, que comenz\u00f3 con el descubrimiento del primer pozo de petr\u00f3leo del pa\u00eds, en el sector de Springhill, en Magallanes, el 29 de diciembre de 1945.<\/p>\n\n\n\n<p>Estar a la altura de los logros de aquellos hombres visionarios, entre ellos el ingeniero Eduardo Simian Gallet, es el desaf\u00edo que esta regi\u00f3n y el pa\u00eds ven con ojos esperanzadores, pensando en las futuras generaciones. Esto es lo que nos mueve, lo que nos compromete e inspira.<\/p>\n\n\n\n<p>Guido Kusanovic Glusevic<\/p>\n\n\n\n<p>Presidente Sindicato de Profesionales&nbsp;Enap Magallanes<\/p>\n","protected":false},"excerpt":{"rendered":"<p>Este 29 de diciembre se cumple un nuevo aniversario del hito que cambiar\u00eda la historia de Magallanes: el descubrimiento del petr\u00f3leo. Dicho evento hist\u00f3rico, no solo impactar\u00eda en la econom\u00eda&#8230; <a class=\"read-more\" href=\"https:\/\/www.radiopresidenteibanez.cl\/web\/75-anos-del-descubrimiento-del-petroleo-en-magallanes\/\">Leer m\u00e1s<\/a><\/p>\n","protected":false},"author":2,"featured_media":17347,"comment_status":"closed","ping_status":"closed","sticky":false,"template":"","format":"standard","meta":{"footnotes":""},"categories":[1],"tags":[],"class_list":["post-17346","post","type-post","status-publish","format-standard","has-post-thumbnail","hentry","category-cronica"],"_links":{"self":[{"href":"https:\/\/www.radiopresidenteibanez.cl\/web\/wp-json\/wp\/v2\/posts\/17346","targetHints":{"allow":["GET"]}}],"collection":[{"href":"https:\/\/www.radiopresidenteibanez.cl\/web\/wp-json\/wp\/v2\/posts"}],"about":[{"href":"https:\/\/www.radiopresidenteibanez.cl\/web\/wp-json\/wp\/v2\/types\/post"}],"author":[{"embeddable":true,"href":"https:\/\/www.radiopresidenteibanez.cl\/web\/wp-json\/wp\/v2\/users\/2"}],"replies":[{"embeddable":true,"href":"https:\/\/www.radiopresidenteibanez.cl\/web\/wp-json\/wp\/v2\/comments?post=17346"}],"version-history":[{"count":0,"href":"https:\/\/www.radiopresidenteibanez.cl\/web\/wp-json\/wp\/v2\/posts\/17346\/revisions"}],"wp:featuredmedia":[{"embeddable":true,"href":"https:\/\/www.radiopresidenteibanez.cl\/web\/wp-json\/wp\/v2\/media\/17347"}],"wp:attachment":[{"href":"https:\/\/www.radiopresidenteibanez.cl\/web\/wp-json\/wp\/v2\/media?parent=17346"}],"wp:term":[{"taxonomy":"category","embeddable":true,"href":"https:\/\/www.radiopresidenteibanez.cl\/web\/wp-json\/wp\/v2\/categories?post=17346"},{"taxonomy":"post_tag","embeddable":true,"href":"https:\/\/www.radiopresidenteibanez.cl\/web\/wp-json\/wp\/v2\/tags?post=17346"}],"curies":[{"name":"wp","href":"https:\/\/api.w.org\/{rel}","templated":true}]}}