{"id":1733,"date":"2019-03-01T17:23:03","date_gmt":"2019-03-01T17:23:03","guid":{"rendered":"http:\/\/www.radiopresidenteibanez.cl\/web\/?p=1733"},"modified":"2019-03-01T17:23:28","modified_gmt":"2019-03-01T17:23:28","slug":"2-600-nuevos-ocupados-sumo-magallanes-tras-ultimas-cifras-de-empleo","status":"publish","type":"post","link":"https:\/\/www.radiopresidenteibanez.cl\/web\/2-600-nuevos-ocupados-sumo-magallanes-tras-ultimas-cifras-de-empleo\/","title":{"rendered":"2.600 NUEVOS OCUPADOS SUM\u00d3 MAGALLANES TRAS \u00daLTIMAS CIFRAS DE EMPLEO"},"content":{"rendered":"\n<p>Ante\nun nuevo informe de empleo trimestral publicado esta ma\u00f1ana por el Instituto\nNacional de Estad\u00edsticas (INE), correspondiente al per\u00edodo entre noviembre de\n2018 a enero de 2019, la autoridad laboral destac\u00f3 el importante crecimiento en\nla cantidad de ocupados que, pese al leve aumento en la tasa de desempleo, se\nincrement\u00f3 en m\u00e1s de 2.600 nuevos trabajadores, lo que implica que finalmente,\nla fuerza de trabajo superara las 90.500 personas.<\/p>\n\n\n\n<p>De\nacuerdo a lo se\u00f1alado por la Seremi del Trabajo y Previsi\u00f3n Social, Victoria\nCort\u00e9s Schiattino, en definitiva, esto significa que durante el \u00faltimo\ntrimestre analizado fueran m\u00e1s las personas que encontraron un trabajo que\nquienes se encuentran en situaci\u00f3n de desempleo. Aun as\u00ed, la autoridad expres\u00f3\nque se reforzar\u00e1 la labor para reducir la cesant\u00eda femenina, aumentar la\nparticipaci\u00f3n de las mujeres en el mercado laboral y apuntar a aquellos rubros\ncon mayores brechas de empleo.<\/p>\n\n\n\n<p>En\nsus palabras, \u201cnos gustar\u00eda no tener que decir que el desempleo aument\u00f3, ni\nsiquiera un poco. La verdad, hay varios factores que influyen en este \u00edndice,\npero sin perjuicio de esto, seguimos teniendo una buena tasa de desempleo, con\nun 3.0% y esto tiene que ser analizado a la luz del incremento de la fuerza\nlaboral en Magallanes. Comparando este informe con el anterior del INE, se han\nseguido creando empleos y en el \u00faltimo a\u00f1o esto se tradujo en 2.600 ocupados\nadicionales (\u2026) la fuerza de trabajo ha aumentado en m\u00e1s de 1.500 personas, de\nforma tal que, aunque la cifra aument\u00f3, estamos en un buen nivel con relaci\u00f3n\nal resto del pa\u00eds\u201d.<\/p>\n\n\n\n<p>Consultada\nrespecto a la informalidad laboral, la secretaria regional explic\u00f3 que \u201ctodos\nestos meses hemos hecho hincapi\u00e9, como una de las principales medidas del\nPresidente Sebasti\u00e1n Pi\u00f1era, en atacar la informalidad laboral. Por lo mismo, entendiendo\nque debemos propiciar la contrataci\u00f3n formal y la garant\u00eda del cumplimiento de\ntodas las prestaciones sociales. Efectivamente, sigue siendo alta la cifra en\nMagallanes, puesto que tenemos m\u00e1s de 17.900 trabajadores en informalidad, sin\nembargo, esta cifra disminuy\u00f3 respecto del \u00faltimo trimestre m\u00f3vil, en 1.5% es decir\nla tasa de ocupaci\u00f3n informal es de un 20.4%, por lo que aun cuando disminuy\u00f3,\nes un punto que debemos seguir atacando fuertemente\u201d.<\/p>\n\n\n\n<p>En cuanto\na la empleabilidad femenina, Cort\u00e9s se\u00f1al\u00f3 que \u201ces otro punto que hemos\nabordado y en el que hemos ido creciendo en forma mensual, pero no con la\nceleridad que quisi\u00e9ramos. Hoy d\u00eda la tasa de participaci\u00f3n laboral de las\nmujeres est\u00e1 en 56.3% y por esto es tan importante la pronta aprobaci\u00f3n de las\nmaterias de reforma laboral impulsadas por el Presidente Pi\u00f1era, que van a ir\nmejorando estos \u00edndices, tales como los proyectos de Sala Cuna Universal,\nTeletrabajo, que podr\u00edan revertir estas cifras cuando se vean efectivamente\naprobadas por el Congreso\u201d.<\/p>\n\n\n\n<p>Un\ndato no menor en materia de g\u00e9nero es que en t\u00e9rminos etarios, la empleabilidad\nfemenina se vio aumentada en el tramo de 65 y m\u00e1s a\u00f1os, lo que significa que\n\u201cse han abierto nuevas oportunidades laborales para mujeres en estas edades\u201d.<\/p>\n\n\n\n<p>Por\n\u00faltimo, respecto a las mayores incidencias por rama de actividad econ\u00f3mica, los\nrubros que mayores incrementos de ocupados tuvieron en el trimestre de\nnoviembre a enero reci\u00e9n pasados, fueron Transporte, que aument\u00f3 en un 20.6%;\nComercio, que se increment\u00f3 en un 8,2%; y Construcci\u00f3n, con un alza de 16,4%.<\/p>\n","protected":false},"excerpt":{"rendered":"<p>Ante un nuevo informe de empleo trimestral publicado esta ma\u00f1ana por el Instituto Nacional de Estad\u00edsticas (INE), correspondiente al per\u00edodo entre noviembre de 2018 a enero de 2019, la autoridad&#8230; <a class=\"read-more\" href=\"https:\/\/www.radiopresidenteibanez.cl\/web\/2-600-nuevos-ocupados-sumo-magallanes-tras-ultimas-cifras-de-empleo\/\">Leer m\u00e1s<\/a><\/p>\n","protected":false},"author":2,"featured_media":1734,"comment_status":"closed","ping_status":"closed","sticky":false,"template":"","format":"standard","meta":{"footnotes":""},"categories":[1],"tags":[],"class_list":["post-1733","post","type-post","status-publish","format-standard","has-post-thumbnail","hentry","category-cronica"],"_links":{"self":[{"href":"https:\/\/www.radiopresidenteibanez.cl\/web\/wp-json\/wp\/v2\/posts\/1733","targetHints":{"allow":["GET"]}}],"collection":[{"href":"https:\/\/www.radiopresidenteibanez.cl\/web\/wp-json\/wp\/v2\/posts"}],"about":[{"href":"https:\/\/www.radiopresidenteibanez.cl\/web\/wp-json\/wp\/v2\/types\/post"}],"author":[{"embeddable":true,"href":"https:\/\/www.radiopresidenteibanez.cl\/web\/wp-json\/wp\/v2\/users\/2"}],"replies":[{"embeddable":true,"href":"https:\/\/www.radiopresidenteibanez.cl\/web\/wp-json\/wp\/v2\/comments?post=1733"}],"version-history":[{"count":0,"href":"https:\/\/www.radiopresidenteibanez.cl\/web\/wp-json\/wp\/v2\/posts\/1733\/revisions"}],"wp:featuredmedia":[{"embeddable":true,"href":"https:\/\/www.radiopresidenteibanez.cl\/web\/wp-json\/wp\/v2\/media\/1734"}],"wp:attachment":[{"href":"https:\/\/www.radiopresidenteibanez.cl\/web\/wp-json\/wp\/v2\/media?parent=1733"}],"wp:term":[{"taxonomy":"category","embeddable":true,"href":"https:\/\/www.radiopresidenteibanez.cl\/web\/wp-json\/wp\/v2\/categories?post=1733"},{"taxonomy":"post_tag","embeddable":true,"href":"https:\/\/www.radiopresidenteibanez.cl\/web\/wp-json\/wp\/v2\/tags?post=1733"}],"curies":[{"name":"wp","href":"https:\/\/api.w.org\/{rel}","templated":true}]}}