{"id":17317,"date":"2020-12-27T17:25:58","date_gmt":"2020-12-27T17:25:58","guid":{"rendered":"https:\/\/www.radiopresidenteibanez.cl\/web\/?p=17317"},"modified":"2020-12-27T17:26:03","modified_gmt":"2020-12-27T17:26:03","slug":"diputada-amar-estudia-la-presentacion-de-proyecto-de-ley-para-crear-una-ley-elsa-en-contra-de-agresores-de-mujeres-y-femicidas","status":"publish","type":"post","link":"https:\/\/www.radiopresidenteibanez.cl\/web\/diputada-amar-estudia-la-presentacion-de-proyecto-de-ley-para-crear-una-ley-elsa-en-contra-de-agresores-de-mujeres-y-femicidas\/","title":{"rendered":"DIPUTADA AMAR ESTUDIA LA PRESENTACI\u00d3N DE PROYECTO DE LEY PARA CREAR UNA \u201cLEY ELSA\u201d EN CONTRA DE AGRESORES DE MUJERES Y FEMICIDAS"},"content":{"rendered":"\n<p>La legisladora asegur\u00f3 que el femicidio ocurrido en Vi\u00f1a\ndel Mar durante la noche del 24 de diciembre \u201ces la demostraci\u00f3n que el sistema\nest\u00e1 fallando a la hora de proteger a las mujeres y su familia\u201d por lo que\npresentar\u00e1 una bater\u00eda de proyectos de ley para potenciar una verdadera agenda\n\u201cen favor de las mujeres y sus hijos que son v\u00edctimas de violencia\nintrafamiliar\u201d.<\/p>\n\n\n\n<p>\u201cEs muy grave este nuevo caso de femicidio que se vivi\u00f3\nen Vi\u00f1a del Mar porque simplemente demuestra la desprotecci\u00f3n que viven las\nmujeres que son v\u00edctimas de violencia. Es impresentable que el asesino de Elsa\nhaya estado detenido, en manos de un tribunal y que lo liberaran para que\nvolviera al domicilio, esperara a la v\u00edctima, la asesinara y la quemara\u201d.<\/p>\n\n\n\n<p>Con estas palabras, la diputada Sandra Amar, lament\u00f3 el\nfemicidio ocurrido el pasado 24 de diciembre en Vi\u00f1a del Mar, donde una mujer\nfue apu\u00f1alada y quemada por su expareja.<\/p>\n\n\n\n<p>Amar precis\u00f3 que \u201cesto demuestra que quiz\u00e1s la forma en\nque la Fiscal\u00eda est\u00e1 llevando este tipo de hechos no es la correcta. Y quiz\u00e1s\npuede que no tengan todas las armas para dejar fuera de circulaci\u00f3n a un\npotencial asesino de una mujer porque lamentablemente la sensaci\u00f3n que queda a\nla ciudadan\u00eda es que tienen m\u00e1s garant\u00edas los agresores al contrario de las\nv\u00edctimas y sus hijos que viven en un latente peligro\u201d.<\/p>\n\n\n\n<p>\u201cJunto con ofrecer todo mi apoyo, comenc\u00e9 a estudiar la\npresentaci\u00f3n de algunos proyectos de ley para aumentar las sanciones y la vez\nentregar ayuda a la v\u00edctima que es muy importante. Por ejemplo, la forma de que\nse cree una verdadera defensor\u00eda de las v\u00edctimas, que se encargue en forma\npermanente de la persona agredida y su familia para que una vez presentada la\ndenuncia no quede en la m\u00e1s completa indefensi\u00f3n y con el riesgo de ser\nagredida nuevamente\u201d, explic\u00f3.<\/p>\n\n\n\n<p>\u201cTambi\u00e9n \u2013 indic\u00f3 la diputada Amar \u2013 la opci\u00f3n de tener\nuna suerte de \u201cLey Emilia\u201d en contra de los agresores de mujeres que la\nllamaremos \u201cLey Elsa\u201d. En el caso de Vi\u00f1a del Mar, el asesino estuvo detenido,\npas\u00f3 por el tribunal, pero fue liberado y retornar al hogar de la v\u00edctima y la\nmat\u00f3. Entonces lo que buscaremos es que en caso de que solamente exista una\ndenuncia, el tipo sea detenido y pase a lo menos 72 horas en esa condici\u00f3n para\nque la v\u00edctima y su familia tengan el tiempo suficiente de llevar a cabo las\nacciones que estimen necesario para su protecci\u00f3n y no est\u00e9n sufriendo en que\nen cualquier momento volver\u00e1 el agresor y se desatar\u00e1 una tragedia\u201d.<\/p>\n\n\n\n<p>\u201cY que, adem\u00e1s si al hombre se le formaliza por el\nasesinato de una mujer, pase a lo menos 1 a\u00f1o en la c\u00e1rcel\u201d, a\u00f1adi\u00f3.<\/p>\n\n\n\n<p>La diputada Sandra Amar dijo que \u201ctodo lo anterior con\nmedidas de apoyo psicol\u00f3gico a las v\u00edctimas, sus hijos y el entorno m\u00e1s\ncercano, adem\u00e1s de que la fiscal\u00eda reciba m\u00e1s recursos para tener una unidad\nespecialidad s\u00f3lo en violencia intrafamiliar. Tal como existe la unidad de\ndelitos de alta complejidad, deber\u00eda existir una unidad de violencia\nintrafamiliar para que d\u00e9 una vez por todas se comience a dar una se\u00f1al de que\nmatar a una mujer no es gratuito ni que quedar\u00e1 impune\u201d.<\/p>\n","protected":false},"excerpt":{"rendered":"<p>La legisladora asegur\u00f3 que el femicidio ocurrido en Vi\u00f1a del Mar durante la noche del 24 de diciembre \u201ces la demostraci\u00f3n que el sistema est\u00e1 fallando a la hora de&#8230; <a class=\"read-more\" href=\"https:\/\/www.radiopresidenteibanez.cl\/web\/diputada-amar-estudia-la-presentacion-de-proyecto-de-ley-para-crear-una-ley-elsa-en-contra-de-agresores-de-mujeres-y-femicidas\/\">Leer m\u00e1s<\/a><\/p>\n","protected":false},"author":2,"featured_media":10198,"comment_status":"closed","ping_status":"closed","sticky":false,"template":"","format":"standard","meta":{"footnotes":""},"categories":[1],"tags":[],"class_list":["post-17317","post","type-post","status-publish","format-standard","has-post-thumbnail","hentry","category-cronica"],"_links":{"self":[{"href":"https:\/\/www.radiopresidenteibanez.cl\/web\/wp-json\/wp\/v2\/posts\/17317","targetHints":{"allow":["GET"]}}],"collection":[{"href":"https:\/\/www.radiopresidenteibanez.cl\/web\/wp-json\/wp\/v2\/posts"}],"about":[{"href":"https:\/\/www.radiopresidenteibanez.cl\/web\/wp-json\/wp\/v2\/types\/post"}],"author":[{"embeddable":true,"href":"https:\/\/www.radiopresidenteibanez.cl\/web\/wp-json\/wp\/v2\/users\/2"}],"replies":[{"embeddable":true,"href":"https:\/\/www.radiopresidenteibanez.cl\/web\/wp-json\/wp\/v2\/comments?post=17317"}],"version-history":[{"count":0,"href":"https:\/\/www.radiopresidenteibanez.cl\/web\/wp-json\/wp\/v2\/posts\/17317\/revisions"}],"wp:featuredmedia":[{"embeddable":true,"href":"https:\/\/www.radiopresidenteibanez.cl\/web\/wp-json\/wp\/v2\/media\/10198"}],"wp:attachment":[{"href":"https:\/\/www.radiopresidenteibanez.cl\/web\/wp-json\/wp\/v2\/media?parent=17317"}],"wp:term":[{"taxonomy":"category","embeddable":true,"href":"https:\/\/www.radiopresidenteibanez.cl\/web\/wp-json\/wp\/v2\/categories?post=17317"},{"taxonomy":"post_tag","embeddable":true,"href":"https:\/\/www.radiopresidenteibanez.cl\/web\/wp-json\/wp\/v2\/tags?post=17317"}],"curies":[{"name":"wp","href":"https:\/\/api.w.org\/{rel}","templated":true}]}}