{"id":17314,"date":"2020-12-27T17:23:29","date_gmt":"2020-12-27T17:23:29","guid":{"rendered":"https:\/\/www.radiopresidenteibanez.cl\/web\/?p=17314"},"modified":"2020-12-27T17:23:34","modified_gmt":"2020-12-27T17:23:34","slug":"una-mirada-colectiva-para-una-nueva-constitucion-por-ingrid-melipillan-munoz","status":"publish","type":"post","link":"https:\/\/www.radiopresidenteibanez.cl\/web\/una-mirada-colectiva-para-una-nueva-constitucion-por-ingrid-melipillan-munoz\/","title":{"rendered":"\u201cUNA MIRADA COLECTIVA PARA UNA NUEVA CONSTITUCI\u00d3N\u201d por Ingrid Melipill\u00e1n Mu\u00f1oz"},"content":{"rendered":"\n<p>En abril\nde 2021, estamos llamados a vivir un nuevo desaf\u00edo para lograr cambiar la Constituci\u00f3n,\neste camino que hemos transitado a partir del estallido social, esta explosi\u00f3n\nde emociones, angustia, temor, rabia, descontento, que se fue acumulando en el\ntiempo y que basto con la valent\u00eda de estudiantes y el arrojo de las mujeres\npara decir No M\u00e1s. <\/p>\n\n\n\n<p>El 25 de\noctubre pasado, reafirmamos la necesidad de elaborar una nueva carta\nfundamental, donde quienes la redacten, sean 100% elegidos y elegidas por la\nciudadan\u00eda, un equipo paritario, y adem\u00e1s donde se vean representados y\nrepresentadas, hombres y mujeres de los pueblos originarios. Ser\u00e1 la primera\nvez en la historia republicana de nuestro pa\u00eds, que la ciudadan\u00eda se ver\u00e1\ninvolucrada en la redacci\u00f3n y donde las mujeres tendr\u00e1n un rol fundamental.<\/p>\n\n\n\n<p>Es aqu\u00ed,\ndonde me detengo, la importancia de este proceso, donde nuestras convicciones,\nsaberes, experiencias, valores, se vean representados, sin temor, sin verg\u00fcenza,\nsin peque\u00f1eces. Por ello, hemos decidido, \u201cn\u00f3tese que escribo -hemos-, porque\ndefiniciones como esta, no se toman al azar, sino de manera colectiva\u201d, hemos\ndefinido nuestra participaci\u00f3n, asumiendo el desaf\u00edo inscribiendo mi\nPrecandidatura a Constituyente, entendiendo que ser\u00e1 la plataforma que\ngarantizar\u00e1 que modifiquemos el modelo imperante que hoy esclaviza a chilenos y\nchilenas, modelo que se caracteriza por ser desigual, discriminador y poco\nsolidario. Creo firmemente en que tenemos la oportunidad de aportar de manera\nconcreta y que ese aporte se traduzca en la realizaci\u00f3n de las transformaciones\nque Chile requiere, transformaci\u00f3n de todos aquellos temas que nos afectan\ncotidianamente como la salud, educaci\u00f3n, sistema de protecci\u00f3n social, sistema\nde pensiones, seguridad, igualdad y equidad, con un esp\u00edritu de responsabilidad\ny compromiso con el bien com\u00fan.<\/p>\n\n\n\n<p>Soy Trabajadora\nSocial de profesi\u00f3n, compa\u00f1era, madre, hija y hermana. Me he formado en la\nconvicci\u00f3n de que es necesario e importante luchar d\u00eda a d\u00eda por una sociedad\njusta y solidaria, donde todas y todos seamos incluidos, donde podamos ser\nparte de manera real de procesos democr\u00e1ticos, que fortalezcan las\norganizaciones de las cuales somos parte. <\/p>\n\n\n\n<p>Ser\nconstituyente, permitir\u00e1 discutir, dialogar y reflexionar en torno a las\nprioridades que ha levantado y levantar\u00e1 la ciudadan\u00eda. Tambi\u00e9n nos permitir\u00e1\ninstalar aquellos temas que se nos exige: un pa\u00eds descentralizado,\nplurinacional, con un nuevo sistema de pensiones, que garantice salud y\neducaci\u00f3n gratuita y de calidad, derechos fundamentales para el desarrollo de\nuna sociedad justa y equitativa. Es una invitaci\u00f3n a trabajar en conjunto por\nuna constituci\u00f3n que garantice el desarrollo pleno e integral de las personas,\nsin discriminaci\u00f3n, con perspectiva de g\u00e9nero, que reconozca todas las\ndiversidades y disidencias.<\/p>\n\n\n\n<p>Este a\u00f1o\nha sido complejo, hemos vivido tiempos dif\u00edciles con una pandemia que nos\nsacudi\u00f3 y remeci\u00f3 duro en todo \u00e1mbito, y eso genera desidia, dolor,\ndesesperanza, pero debemos tener la convicci\u00f3n de que somos capaces de\nlevantarnos, y pensar en el futuro y generar los cambios necesarios, ahora m\u00e1s\nque nunca debemos entender nuestra responsabilidad pol\u00edtica, social y cultural,\nesto se debe reflejar en la elecci\u00f3n de nuestras candidaturas, la ciudadan\u00eda nos exige y demanda fortalecer las\ndemocracias internas, dejar de lado las pr\u00e1cticas que deslegitima la\npol\u00edtica&nbsp;partidaria y que generan desconfianza,&nbsp; y adem\u00e1s de\ntransparentar nuestros procesos. La elaboraci\u00f3n de una nueva carta fundamental\nes de gran importancia, nos jugamos el futuro de Chile, nuestro futuro y el de\nnuestros hijos e hijas. Chile Despert\u00f3, hasta que la dignidad se haga\ncostumbre.<\/p>\n\n\n\n<p><strong>Ingrid\nMelipill\u00e1n Mu\u00f1oz<\/strong><\/p>\n\n\n\n<p><strong>Trabajadora\nSocial<\/strong><\/p>\n\n\n\n<p><strong>Colectivo\nVanguardia Comunitaria<\/strong><\/p>\n","protected":false},"excerpt":{"rendered":"<p>En abril de 2021, estamos llamados a vivir un nuevo desaf\u00edo para lograr cambiar la Constituci\u00f3n, este camino que hemos transitado a partir del estallido social, esta explosi\u00f3n de emociones,&#8230; <a class=\"read-more\" href=\"https:\/\/www.radiopresidenteibanez.cl\/web\/una-mirada-colectiva-para-una-nueva-constitucion-por-ingrid-melipillan-munoz\/\">Leer m\u00e1s<\/a><\/p>\n","protected":false},"author":2,"featured_media":17315,"comment_status":"closed","ping_status":"closed","sticky":false,"template":"","format":"standard","meta":{"footnotes":""},"categories":[1],"tags":[],"class_list":["post-17314","post","type-post","status-publish","format-standard","has-post-thumbnail","hentry","category-cronica"],"_links":{"self":[{"href":"https:\/\/www.radiopresidenteibanez.cl\/web\/wp-json\/wp\/v2\/posts\/17314","targetHints":{"allow":["GET"]}}],"collection":[{"href":"https:\/\/www.radiopresidenteibanez.cl\/web\/wp-json\/wp\/v2\/posts"}],"about":[{"href":"https:\/\/www.radiopresidenteibanez.cl\/web\/wp-json\/wp\/v2\/types\/post"}],"author":[{"embeddable":true,"href":"https:\/\/www.radiopresidenteibanez.cl\/web\/wp-json\/wp\/v2\/users\/2"}],"replies":[{"embeddable":true,"href":"https:\/\/www.radiopresidenteibanez.cl\/web\/wp-json\/wp\/v2\/comments?post=17314"}],"version-history":[{"count":0,"href":"https:\/\/www.radiopresidenteibanez.cl\/web\/wp-json\/wp\/v2\/posts\/17314\/revisions"}],"wp:featuredmedia":[{"embeddable":true,"href":"https:\/\/www.radiopresidenteibanez.cl\/web\/wp-json\/wp\/v2\/media\/17315"}],"wp:attachment":[{"href":"https:\/\/www.radiopresidenteibanez.cl\/web\/wp-json\/wp\/v2\/media?parent=17314"}],"wp:term":[{"taxonomy":"category","embeddable":true,"href":"https:\/\/www.radiopresidenteibanez.cl\/web\/wp-json\/wp\/v2\/categories?post=17314"},{"taxonomy":"post_tag","embeddable":true,"href":"https:\/\/www.radiopresidenteibanez.cl\/web\/wp-json\/wp\/v2\/tags?post=17314"}],"curies":[{"name":"wp","href":"https:\/\/api.w.org\/{rel}","templated":true}]}}