{"id":17312,"date":"2020-12-27T17:20:25","date_gmt":"2020-12-27T17:20:25","guid":{"rendered":"https:\/\/www.radiopresidenteibanez.cl\/web\/?p=17312"},"modified":"2020-12-27T17:20:30","modified_gmt":"2020-12-27T17:20:30","slug":"juan-morano-pre-candidato-alcalde-dc-esperamos-gran-participacion-ciudadana-para-este-proximo-3-de-enero-que-se-realizara-la-consulta-ciudadana-para-elegir-candidato-unico-de-la-oposicion-al-municip","status":"publish","type":"post","link":"https:\/\/www.radiopresidenteibanez.cl\/web\/juan-morano-pre-candidato-alcalde-dc-esperamos-gran-participacion-ciudadana-para-este-proximo-3-de-enero-que-se-realizara-la-consulta-ciudadana-para-elegir-candidato-unico-de-la-oposicion-al-municip\/","title":{"rendered":"JUAN MORANO PRE CANDIDATO ALCALDE DC \u00abESPERAMOS GRAN PARTICIPACI\u00d3N CIUDADANA PARA ESTE PR\u00d3XIMO 3 DE ENERO QUE SE REALIZAR\u00c1 LA CONSULTA CIUDADANA PARA ELEGIR CANDIDATO \u00daNICO DE LA OPOSICI\u00d3N AL MUNICIPIO DE PUNTA ARENAS\u00bb"},"content":{"rendered":"\n<p>El\nprecandidato alcalde Juan morano Cornejo se\u00f1al\u00f3 que hay una gran expectativa en\nlo que sera la participaci\u00f3n ciudadana del pr\u00f3ximo 3 de enero, d\u00eda que se\nrealizara la consulta ciudadana para elegir al candidato \u00fanico de la oposici\u00f3n\npara la pr\u00f3xima papeleta de elecciones municipales del 11 de abril<\/p>\n\n\n\n<p>Morano\nagreg\u00f3 que la oposici\u00f3n siempre ha realizado este tipo de consultas para elegir\nsus candidatos y en esta oportunidad son cuatro los nombres a lo cual invito a\nla gente a participar y elegir el n\u00famero cuatro Qu\u00e9 es el n\u00famero de Juan morano\nCornejo<\/p>\n\n\n\n<p>Finaliz\u00f3 indicando el precandidato democrata Cristiano Juan Moreno que quiere ser el ganador de esta consulta ciudadana para ir en la papeleta del pr\u00f3ximo 11 de abril y poder as\u00ed volver a tener un municipio de participaci\u00f3n con la gente y para la gente para poder generar un mejor desarrollo para lo que es la comuna de punta Arenas<\/p>\n\n\n\n<p><\/p>\n\n\n\n<p>DMG.<\/p>\n","protected":false},"excerpt":{"rendered":"<p>El precandidato alcalde Juan morano Cornejo se\u00f1al\u00f3 que hay una gran expectativa en lo que sera la participaci\u00f3n ciudadana del pr\u00f3ximo 3 de enero, d\u00eda que se realizara la consulta&#8230; <a class=\"read-more\" href=\"https:\/\/www.radiopresidenteibanez.cl\/web\/juan-morano-pre-candidato-alcalde-dc-esperamos-gran-participacion-ciudadana-para-este-proximo-3-de-enero-que-se-realizara-la-consulta-ciudadana-para-elegir-candidato-unico-de-la-oposicion-al-municip\/\">Leer m\u00e1s<\/a><\/p>\n","protected":false},"author":2,"featured_media":1768,"comment_status":"closed","ping_status":"closed","sticky":false,"template":"","format":"standard","meta":{"footnotes":""},"categories":[5],"tags":[],"class_list":["post-17312","post","type-post","status-publish","format-standard","has-post-thumbnail","hentry","category-politica"],"_links":{"self":[{"href":"https:\/\/www.radiopresidenteibanez.cl\/web\/wp-json\/wp\/v2\/posts\/17312","targetHints":{"allow":["GET"]}}],"collection":[{"href":"https:\/\/www.radiopresidenteibanez.cl\/web\/wp-json\/wp\/v2\/posts"}],"about":[{"href":"https:\/\/www.radiopresidenteibanez.cl\/web\/wp-json\/wp\/v2\/types\/post"}],"author":[{"embeddable":true,"href":"https:\/\/www.radiopresidenteibanez.cl\/web\/wp-json\/wp\/v2\/users\/2"}],"replies":[{"embeddable":true,"href":"https:\/\/www.radiopresidenteibanez.cl\/web\/wp-json\/wp\/v2\/comments?post=17312"}],"version-history":[{"count":0,"href":"https:\/\/www.radiopresidenteibanez.cl\/web\/wp-json\/wp\/v2\/posts\/17312\/revisions"}],"wp:featuredmedia":[{"embeddable":true,"href":"https:\/\/www.radiopresidenteibanez.cl\/web\/wp-json\/wp\/v2\/media\/1768"}],"wp:attachment":[{"href":"https:\/\/www.radiopresidenteibanez.cl\/web\/wp-json\/wp\/v2\/media?parent=17312"}],"wp:term":[{"taxonomy":"category","embeddable":true,"href":"https:\/\/www.radiopresidenteibanez.cl\/web\/wp-json\/wp\/v2\/categories?post=17312"},{"taxonomy":"post_tag","embeddable":true,"href":"https:\/\/www.radiopresidenteibanez.cl\/web\/wp-json\/wp\/v2\/tags?post=17312"}],"curies":[{"name":"wp","href":"https:\/\/api.w.org\/{rel}","templated":true}]}}