{"id":17299,"date":"2020-12-28T02:30:00","date_gmt":"2020-12-28T02:30:00","guid":{"rendered":"https:\/\/www.radiopresidenteibanez.cl\/web\/?p=17299"},"modified":"2020-12-26T17:20:16","modified_gmt":"2020-12-26T17:20:16","slug":"core-aprobo-distribucion-de-recursos-6-fndr-y-fril-para-el-ano-2021","status":"publish","type":"post","link":"https:\/\/www.radiopresidenteibanez.cl\/web\/core-aprobo-distribucion-de-recursos-6-fndr-y-fril-para-el-ano-2021\/","title":{"rendered":"CORE APROB\u00d3 DISTRIBUCI\u00d3N DE RECURSOS 6% FNDR Y FRIL PARA EL A\u00d1O 2021"},"content":{"rendered":"\n<p>En el marco de la Tercera\nSesi\u00f3n Extraordinaria del a\u00f1o efectuada este mi\u00e9rcoles por videoconferencia, el\nConsejo Regional de Magallanes y de la Ant\u00e1rtica Chilena aprob\u00f3 la distribuci\u00f3n\nde los recursos 6% del Fondo Nacional de Desarrollo Regional (FNDR) y del Fondo\nRegional de Iniciativa Local (FRIL) a\u00f1o 2021. <\/p>\n\n\n\n<p>Los integrantes del CORE\ncoincidieron al se\u00f1alar que dicha distribuci\u00f3n fue sancionada teniendo los\nresguardos en cuanto a c\u00f3mo ir\u00e1 evolucionando la situaci\u00f3n regional ante la\npandemia. En el caso del 6% se intent\u00f3 destinar recursos para todas las \u00e1reas\ncon \u00e9nfasis en lo social y para el FRIL se busc\u00f3 dar fluidez a la entrega de\nfondos durante todo el a\u00f1o, considerando la llegada de nuevas autoridades. <\/p>\n\n\n\n<p>En ese sentido el presidente\ndel Consejo Regional, Tolentino Soto, coment\u00f3 que \u201cse ha tenido especial\nconsideraci\u00f3n entendiendo el momento que estamos viviendo producto de esta\npandemia y se est\u00e1n tomando los resguardos para que, si en el momento de la ejecuci\u00f3n\npresupuestaria se deben hacer algunas reformas, se privilegie de alguna manera\nlo m\u00e1s urgente que tiene que ver con el tema sanitario y social\u201d. <\/p>\n\n\n\n<p>Asimismo el presidente de la\ncomisi\u00f3n Presupuesto, Ram\u00f3n Lobos, manifest\u00f3 \u201cla voluntad de este Consejo est\u00e1\nplanteada en que, estas son herramientas y mecanismos para lograr hacer participar\na la acci\u00f3n social y que las diversas actividades que se desarrollan sean\nhechas de la mejor forma. Hay necesidades en lo social, en cultura y educaci\u00f3n que\nno han sido resueltas y debemos reactivar estas \u00e1reas a la brevedad como parte\nde la vuelta a una cierta habitualidad poniendo el foco en lo que est\u00e1\nsucediendo durante el pr\u00f3ximo a\u00f1o en el curso de la pandemia en la regi\u00f3n\u201d,\ninsisti\u00f3. &nbsp;<\/p>\n\n\n\n<p>De esta forma y especificando\nen la moci\u00f3n aprobada para el 6% FNDR, que la propuesta puede estar sujeta a\nmodificaciones conforme a las necesidades derivadas del COVID-19, fueron\nsancionados 1.831 millones para las Instituciones Privadas sin Fines de Lucro y\n838 millones para Municipalidades y Otras Entidades P\u00fablicas. En tanto para los\nrecursos FRIL, se aprob\u00f3 la distribuci\u00f3n de un total de 8.000 millones de\npesos, los cuales seg\u00fan acuerdo deber\u00e1n ser utilizados de manera parcial, un 50%\ndurante el primer semestre 2021 y un 50% el segundo.<\/p>\n\n\n\n<p>En las siguientes tablas se\nentrega el detalle de la Distribuci\u00f3n de Recursos 6% FNDR<\/p>\n\n\n\n<p>1.- Instituciones\nPrivadas sin fines de lucro (Millones de $)<\/p>\n\n\n\n<figure class=\"wp-block-table\"><table class=\"\"><tbody><tr><td>\n  <strong>DISTRIBUCI\u00d3N<\/strong>\n  <\/td><td>\n  <strong>EJECUCI\u00d3N DIRECTA <\/strong>\n  <strong>VERANO 2021&nbsp; <\/strong><strong><\/strong>\n  <\/td><td>\n  <strong>EJECUCI\u00d3N DIRECTA<\/strong><strong><\/strong>\n  <\/td><td>\n  <strong>PROCESO CONCURSABLE<\/strong><strong><\/strong>\n  <\/td><td>\n  <strong>TOTAL<\/strong>\n  <\/td><\/tr><tr><td>\n  <strong>PER\u00cdODO<\/strong>\n  <\/td><td>\n  <strong>ENERO-MARZO<\/strong>\n  <\/td><td>\n  <strong>ENERO-DIC<\/strong>\n  <\/td><td>\n  <strong>ABRIL-DIC<\/strong>\n  <\/td><\/tr><tr><td>\n  DEPORTE\n  <\/td><td>\n  80\n  <\/td><td>\n  50\n  <\/td><td>\n  70\n  <\/td><td>\n  200\n  <\/td><\/tr><tr><td>\n  CULTURA\n  <\/td><td>\n  80\n  <\/td><td>\n  50\n  <\/td><td>\n  70\n  <\/td><td>\n  200\n  <\/td><\/tr><tr><td>\n  SOCIAL\n  <\/td><td>\n  200\n  <\/td><td>\n  567\n  <\/td><td>\n  514\n  <\/td><td>\n  1.281\n  <\/td><\/tr><tr><td>\n  MEDIO AMBIENTE\n  <\/td><td>\n  0\n  <\/td><td>\n  0\n  <\/td><td>\n  50\n  <\/td><td>\n  50\n  <\/td><\/tr><tr><td>\n  SEGURIDAD CIUDADANA\n  <\/td><td>\n  0\n  <\/td><td>\n  0\n  <\/td><td>\n  100\n  <\/td><td>\n  100\n  <\/td><\/tr><tr><td>\n  &nbsp;\n  <\/td><td>\n  &nbsp;\n  <\/td><td>\n  &nbsp;\n  <\/td><td>\n  &nbsp;\n  <\/td><td>\n  <strong>1.831<\/strong>\n  <\/td><\/tr><\/tbody><\/table><\/figure>\n\n\n\n<p>2.-Municipalidades y\nOtras Entidades P\u00fablicas (Millones de $)<\/p>\n\n\n\n<figure class=\"wp-block-table\"><table class=\"\"><tbody><tr><td>\n  <strong>DISTRIBUCI\u00d3N<\/strong>\n  <\/td><td>\n  <strong>EJECUCI\u00d3N DIRECTA <\/strong>\n  <strong>VERANO 2021&nbsp; <\/strong><strong><\/strong>\n  <\/td><td>\n  <strong>EJECUCI\u00d3N DIRECTA<\/strong><strong><\/strong>\n  <\/td><td>\n  <strong>PROCESO CONCURSABLE<\/strong><strong><\/strong>\n  <\/td><td>\n  <strong>TOTAL<\/strong>\n  <\/td><\/tr><tr><td>\n  <strong>PER\u00cdODO<\/strong>\n  <\/td><td>\n  <strong>ENERO-MARZO<\/strong>\n  <\/td><td>\n  <strong>ENERO-DIC<\/strong>\n  <\/td><td>\n  <strong>ABRIL-DIC<\/strong>\n  <\/td><\/tr><tr><td>\n  DEPORTE\n  <\/td><td>\n  30\n  <\/td><td>\n  30\n  <\/td><td>\n  48\n  <\/td><td>\n  108\n  <\/td><\/tr><tr><td>\n  CULTURA\n  <\/td><td>\n  30\n  <\/td><td>\n  50\n  <\/td><td>\n  50\n  <\/td><td>\n  130\n  <\/td><\/tr><tr><td>\n  SOCIAL\n  <\/td><td>\n  250\n  <\/td><td>\n  100\n  <\/td><td>\n  100\n  <\/td><td>\n  450\n  <\/td><\/tr><tr><td>\n  MEDIO AMBIENTE\n  <\/td><td>\n  0\n  <\/td><td>\n  0\n  <\/td><td>\n  50\n  <\/td><td>\n  50\n  <\/td><\/tr><tr><td>\n  SEGURIDAD CIUDADANA\n  <\/td><td>\n  0\n  <\/td><td>\n  0\n  <\/td><td>\n  100\n  <\/td><td>\n  100\n  <\/td><\/tr><tr><td>\n  &nbsp;\n  <\/td><td>\n  &nbsp;\n  <\/td><td>\n  &nbsp;\n  <\/td><td>\n  &nbsp;\n  <\/td><td>\n  <strong>838<\/strong>\n  <\/td><\/tr><\/tbody><\/table><\/figure>\n\n\n\n<p>FRIL <\/p>\n\n\n\n<figure class=\"wp-block-table\"><table class=\"\"><tbody><tr><td>\n  <strong>COMUNA<\/strong>\n  <\/td><td>\n  <strong>DISTRIBUCI\u00d3N FRIL 2021 (M$)<\/strong>\n  <\/td><td>\n  <strong>DISTRIBUCI\u00d3N FRIL 2021 <\/strong>\n  <strong>(%)<\/strong>\n  <\/td><\/tr><tr><td>\n  <strong>Punta Arenas<\/strong>\n  <\/td><td>\n  <strong>2.400.000<\/strong>\n  <\/td><td>\n  <strong>30<\/strong>\n  <\/td><\/tr><tr><td>\n  <strong>Natales<\/strong>\n  <\/td><td>\n  <strong>1.280.000<\/strong>\n  <\/td><td>\n  <strong>16<\/strong>\n  <\/td><\/tr><tr><td>\n  <strong>Cabo de Hornos<\/strong>\n  <\/td><td>\n  <strong>640.000<\/strong>\n  <\/td><td>\n  <strong>8<\/strong>\n  <\/td><\/tr><tr><td>\n  <strong>Primavera<\/strong>\n  <\/td><td>\n  <strong>800.00<\/strong>\n  <\/td><td>\n  <strong>10<\/strong>\n  <\/td><\/tr><tr><td>\n  <strong>R\u00edo Verde<\/strong>\n  <\/td><td>\n  <strong>320.000<\/strong>\n  <\/td><td>\n  <strong>4<\/strong>\n  <\/td><\/tr><tr><td>\n  <strong>San Gregorio<\/strong>\n  <\/td><td>\n  <strong>480.000<\/strong>\n  <\/td><td>\n  <strong>6<\/strong>\n  <\/td><\/tr><tr><td>\n  <strong>Laguna Blanca<\/strong>\n  <\/td><td>\n  <strong>240.000<\/strong>\n  <\/td><td>\n  <strong>3<\/strong>\n  <\/td><\/tr><tr><td>\n  <strong>Porvenir<\/strong>\n  <\/td><td>\n  <strong>800.000<\/strong>\n  <\/td><td>\n  <strong>10<\/strong>\n  <\/td><\/tr><tr><td>\n  <strong>Timaukel<\/strong>\n  <\/td><td>\n  <strong>400.000<\/strong>\n  <\/td><td>\n  <strong>5<\/strong>\n  <\/td><\/tr><tr><td>\n  <strong>Torres del Paine<\/strong>\n  <\/td><td>\n  <strong>640.000<\/strong>\n  <\/td><td>\n  <strong>8<\/strong>\n  <\/td><\/tr><tr><td>\n  <strong>Total<\/strong>\n  <\/td><td>\n  <strong>8.000.000<\/strong>\n  <\/td><td>\n  <strong>100<\/strong>\n  <\/td><\/tr><\/tbody><\/table><\/figure>\n","protected":false},"excerpt":{"rendered":"<p>En el marco de la Tercera Sesi\u00f3n Extraordinaria del a\u00f1o efectuada este mi\u00e9rcoles por videoconferencia, el Consejo Regional de Magallanes y de la Ant\u00e1rtica Chilena aprob\u00f3 la distribuci\u00f3n de los&#8230; <a class=\"read-more\" href=\"https:\/\/www.radiopresidenteibanez.cl\/web\/core-aprobo-distribucion-de-recursos-6-fndr-y-fril-para-el-ano-2021\/\">Leer m\u00e1s<\/a><\/p>\n","protected":false},"author":2,"featured_media":17300,"comment_status":"closed","ping_status":"closed","sticky":false,"template":"","format":"standard","meta":{"footnotes":""},"categories":[1],"tags":[],"class_list":["post-17299","post","type-post","status-publish","format-standard","has-post-thumbnail","hentry","category-cronica"],"_links":{"self":[{"href":"https:\/\/www.radiopresidenteibanez.cl\/web\/wp-json\/wp\/v2\/posts\/17299","targetHints":{"allow":["GET"]}}],"collection":[{"href":"https:\/\/www.radiopresidenteibanez.cl\/web\/wp-json\/wp\/v2\/posts"}],"about":[{"href":"https:\/\/www.radiopresidenteibanez.cl\/web\/wp-json\/wp\/v2\/types\/post"}],"author":[{"embeddable":true,"href":"https:\/\/www.radiopresidenteibanez.cl\/web\/wp-json\/wp\/v2\/users\/2"}],"replies":[{"embeddable":true,"href":"https:\/\/www.radiopresidenteibanez.cl\/web\/wp-json\/wp\/v2\/comments?post=17299"}],"version-history":[{"count":0,"href":"https:\/\/www.radiopresidenteibanez.cl\/web\/wp-json\/wp\/v2\/posts\/17299\/revisions"}],"wp:featuredmedia":[{"embeddable":true,"href":"https:\/\/www.radiopresidenteibanez.cl\/web\/wp-json\/wp\/v2\/media\/17300"}],"wp:attachment":[{"href":"https:\/\/www.radiopresidenteibanez.cl\/web\/wp-json\/wp\/v2\/media?parent=17299"}],"wp:term":[{"taxonomy":"category","embeddable":true,"href":"https:\/\/www.radiopresidenteibanez.cl\/web\/wp-json\/wp\/v2\/categories?post=17299"},{"taxonomy":"post_tag","embeddable":true,"href":"https:\/\/www.radiopresidenteibanez.cl\/web\/wp-json\/wp\/v2\/tags?post=17299"}],"curies":[{"name":"wp","href":"https:\/\/api.w.org\/{rel}","templated":true}]}}