{"id":17294,"date":"2020-12-28T02:15:00","date_gmt":"2020-12-28T02:15:00","guid":{"rendered":"https:\/\/www.radiopresidenteibanez.cl\/web\/?p=17294"},"modified":"2020-12-26T17:15:56","modified_gmt":"2020-12-26T17:15:56","slug":"minvu-invita-a-conocer-propuesta-de-diseno-de-acceso-a-villa-cerro-castillo-y-responder-encuesta-de-participacion-ciudadana","status":"publish","type":"post","link":"https:\/\/www.radiopresidenteibanez.cl\/web\/minvu-invita-a-conocer-propuesta-de-diseno-de-acceso-a-villa-cerro-castillo-y-responder-encuesta-de-participacion-ciudadana\/","title":{"rendered":"MINVU INVITA A CONOCER PROPUESTA DE DISE\u00d1O DE ACCESO A VILLA CERRO CASTILLO Y RESPONDER ENCUESTA DE PARTICIPACI\u00d3N CIUDADANA"},"content":{"rendered":"\n<p>El objetivo del proyecto impulsado por el Ministerio de Vivienda y Urbanismo y el Municipio de Torres del Paine, es generar un paseo que se transforme en la puerta de entrada a la Villa, que cuente con accesibilidad universal, potencie la identidad local y se integre desde el punto de vista arquitect\u00f3nico, a otros espacios p\u00fablicos proyectados en la comuna, como la Plaza de los Encuentros.<\/p>\n\n\n\n<p>El&nbsp;<strong>Director Regional del Serviu, Dubalio P\u00e9rez Ruiz<\/strong>, invit\u00f3 a la comunidad a conocer los resultados de la primera etapa de participaci\u00f3n ciudadana y su aplicaci\u00f3n en la propuesta de dise\u00f1o, adem\u00e1s de completar una encuesta que permitir\u00e1 validar los elementos y avanzar en el desarrollo del proyecto.<\/p>\n\n\n\n<p>Los resultados y el formulario con la encuesta se encuentran disponibles hasta el domingo 27 de diciembre en el Facebook de la Municipalidad de Torres del Paine, el Facebook del Serviu Magallanes y en los enlaces&nbsp;<a href=\"https:\/\/youtu.be\/JIujo9uyJjc\" target=\"_blank\" rel=\"noreferrer noopener\">https:\/\/youtu.be\/JIujo9uyJjc<\/a>&nbsp;y&nbsp;<a href=\"https:\/\/youtu.be\/cY9nL0uAXlY\" target=\"_blank\" rel=\"noreferrer noopener\">https:\/\/youtu.be\/cY9nL0uAXlY<\/a><\/p>\n\n\n\n<p>Entre los resultados de la primera fase de participaci\u00f3n, destacan el inter\u00e9s de la comunidad por convertir este paseo p\u00fablico en un espacio de emplazamiento de esculturas que potencien la identidad local (30 % de las preferencias), una jardinera decorativa de acceso a la Villa (27% de preferencias) y un espacio p\u00fablico destinado a la contemplaci\u00f3n del paisaje (17% de las preferencias).<\/p>\n\n\n\n<p>El consultor Fernando Padilla Arrau, desarroll\u00f3 en su propuesta otros elementos planteados durante la etapa de participaci\u00f3n ciudadana, como la incorporaci\u00f3n de flora nativa, privilegiar las vistas al paisaje circundante y generar un hito de acceso que destaque el ingreso a la Villa, favoreciendo el inter\u00e9s y permanencia de los visitantes.<\/p>\n\n\n\n<p>El proyecto cuenta con una inversi\u00f3n del Ministerio de Vivienda y Urbanismo de 34 millones de pesos, y su plazo de ejecuci\u00f3n de 280 d\u00edas corridos finaliza en mayo de 2021<\/p>\n","protected":false},"excerpt":{"rendered":"<p>El objetivo del proyecto impulsado por el Ministerio de Vivienda y Urbanismo y el Municipio de Torres del Paine, es generar un paseo que se transforme en la puerta de&#8230; <a class=\"read-more\" href=\"https:\/\/www.radiopresidenteibanez.cl\/web\/minvu-invita-a-conocer-propuesta-de-diseno-de-acceso-a-villa-cerro-castillo-y-responder-encuesta-de-participacion-ciudadana\/\">Leer m\u00e1s<\/a><\/p>\n","protected":false},"author":2,"featured_media":17295,"comment_status":"closed","ping_status":"closed","sticky":false,"template":"","format":"standard","meta":{"footnotes":""},"categories":[1],"tags":[],"class_list":["post-17294","post","type-post","status-publish","format-standard","has-post-thumbnail","hentry","category-cronica"],"_links":{"self":[{"href":"https:\/\/www.radiopresidenteibanez.cl\/web\/wp-json\/wp\/v2\/posts\/17294","targetHints":{"allow":["GET"]}}],"collection":[{"href":"https:\/\/www.radiopresidenteibanez.cl\/web\/wp-json\/wp\/v2\/posts"}],"about":[{"href":"https:\/\/www.radiopresidenteibanez.cl\/web\/wp-json\/wp\/v2\/types\/post"}],"author":[{"embeddable":true,"href":"https:\/\/www.radiopresidenteibanez.cl\/web\/wp-json\/wp\/v2\/users\/2"}],"replies":[{"embeddable":true,"href":"https:\/\/www.radiopresidenteibanez.cl\/web\/wp-json\/wp\/v2\/comments?post=17294"}],"version-history":[{"count":0,"href":"https:\/\/www.radiopresidenteibanez.cl\/web\/wp-json\/wp\/v2\/posts\/17294\/revisions"}],"wp:featuredmedia":[{"embeddable":true,"href":"https:\/\/www.radiopresidenteibanez.cl\/web\/wp-json\/wp\/v2\/media\/17295"}],"wp:attachment":[{"href":"https:\/\/www.radiopresidenteibanez.cl\/web\/wp-json\/wp\/v2\/media?parent=17294"}],"wp:term":[{"taxonomy":"category","embeddable":true,"href":"https:\/\/www.radiopresidenteibanez.cl\/web\/wp-json\/wp\/v2\/categories?post=17294"},{"taxonomy":"post_tag","embeddable":true,"href":"https:\/\/www.radiopresidenteibanez.cl\/web\/wp-json\/wp\/v2\/tags?post=17294"}],"curies":[{"name":"wp","href":"https:\/\/api.w.org\/{rel}","templated":true}]}}