{"id":1729,"date":"2019-03-01T17:15:20","date_gmt":"2019-03-01T17:15:20","guid":{"rendered":"http:\/\/www.radiopresidenteibanez.cl\/web\/?p=1729"},"modified":"2019-03-01T17:15:54","modified_gmt":"2019-03-01T17:15:54","slug":"seremi-de-educacion-s-supervisa-servicios-de-alimentacion-de-junaeb-junji-e-integra","status":"publish","type":"post","link":"https:\/\/www.radiopresidenteibanez.cl\/web\/seremi-de-educacion-s-supervisa-servicios-de-alimentacion-de-junaeb-junji-e-integra\/","title":{"rendered":"SEREMI DE EDUCACI\u00d3N (S) SUPERVISA SERVICIOS DE ALIMENTACI\u00d3N DE JUNAEB, JUNJI E INTEGRA"},"content":{"rendered":"\n<p>A pocos d\u00edas de iniciar el a\u00f1o escolar 2019 el Programa de Alimentaci\u00f3n de JUNAEB, JUNJI e Integra se encuentra trabajando a toma m\u00e1quina, para garantizar la entrega de alimentaci\u00f3n en todos los establecimientos educacionales.<\/p>\n\n\n\n<p>As\u00ed lo inform\u00f3 Vilma Aedo, Directora Regional (S) de JUNAEB, quien inform\u00f3 que el programa se encuentra en etapa de control de abastecimiento de insumos, de manera de garantizar la alimentaci\u00f3n a los cerca de 36 mil beneficiados en la regi\u00f3n. De estos, 25 mil corresponden a JUNAEB, 8 mil a JUNJI y 3 mil a INTEGRA.<\/p>\n\n\n\n<p>En ese marco, la Seremi de Educaci\u00f3n (S) Beatriz S\u00e1nchez, junto a la Directora (S) de JUNAEB Magallanes Vilma Aedo, visitaron la bodega de la empresa concesionaria de los servicios de alimentaci\u00f3n Saludable SPA, para verificar &#8211; en terreno &#8211; la calidad de los productos que se est\u00e1n entregando en los establecimientos y observar el control de transporte.<\/p>\n\n\n\n<p>Ambas autoridades pudieron conocer, en detalle, el proceso de organizaci\u00f3n de rutas, sistema de abastecimiento a todas las comunas de la regi\u00f3n, dotaci\u00f3n de camiones que transportan abarrotes, frutas, verduras, congelados y refrigerados, raciones suficientes para que el martes 5 de marzo se d\u00e9 inicio a la alimentaci\u00f3n en toda la regi\u00f3n.<\/p>\n\n\n\n<p><strong>Productos magall\u00e1nicos<\/strong><\/p>\n\n\n\n<p>Cabe se\u00f1alar que desde el segundo semestre 2018, JUNAEB inici\u00f3 la compra de productos locales a peque\u00f1os productores de la comuna de Natales, a quienes se adquieren zapallos italianos, espinacas, acelgas, pepinos, entre otros productos, que son cultivados directamente en sus terrenos.<\/p>\n\n\n\n<p>Finalmente, JUNAEB destaca que la bodega de la empresa se encuentra certificada en la norma ISO 22.000, asegurando con ella la trazabilidad, calidad de los productos y cumpliendo con la ley de etiquetado 20.606.<\/p>\n","protected":false},"excerpt":{"rendered":"<p>A pocos d\u00edas de iniciar el a\u00f1o escolar 2019 el Programa de Alimentaci\u00f3n de JUNAEB, JUNJI e Integra se encuentra trabajando a toma m\u00e1quina, para garantizar la entrega de alimentaci\u00f3n&#8230; <a class=\"read-more\" href=\"https:\/\/www.radiopresidenteibanez.cl\/web\/seremi-de-educacion-s-supervisa-servicios-de-alimentacion-de-junaeb-junji-e-integra\/\">Leer m\u00e1s<\/a><\/p>\n","protected":false},"author":2,"featured_media":1730,"comment_status":"closed","ping_status":"closed","sticky":false,"template":"","format":"standard","meta":{"footnotes":""},"categories":[1],"tags":[],"class_list":["post-1729","post","type-post","status-publish","format-standard","has-post-thumbnail","hentry","category-cronica"],"_links":{"self":[{"href":"https:\/\/www.radiopresidenteibanez.cl\/web\/wp-json\/wp\/v2\/posts\/1729","targetHints":{"allow":["GET"]}}],"collection":[{"href":"https:\/\/www.radiopresidenteibanez.cl\/web\/wp-json\/wp\/v2\/posts"}],"about":[{"href":"https:\/\/www.radiopresidenteibanez.cl\/web\/wp-json\/wp\/v2\/types\/post"}],"author":[{"embeddable":true,"href":"https:\/\/www.radiopresidenteibanez.cl\/web\/wp-json\/wp\/v2\/users\/2"}],"replies":[{"embeddable":true,"href":"https:\/\/www.radiopresidenteibanez.cl\/web\/wp-json\/wp\/v2\/comments?post=1729"}],"version-history":[{"count":0,"href":"https:\/\/www.radiopresidenteibanez.cl\/web\/wp-json\/wp\/v2\/posts\/1729\/revisions"}],"wp:featuredmedia":[{"embeddable":true,"href":"https:\/\/www.radiopresidenteibanez.cl\/web\/wp-json\/wp\/v2\/media\/1730"}],"wp:attachment":[{"href":"https:\/\/www.radiopresidenteibanez.cl\/web\/wp-json\/wp\/v2\/media?parent=1729"}],"wp:term":[{"taxonomy":"category","embeddable":true,"href":"https:\/\/www.radiopresidenteibanez.cl\/web\/wp-json\/wp\/v2\/categories?post=1729"},{"taxonomy":"post_tag","embeddable":true,"href":"https:\/\/www.radiopresidenteibanez.cl\/web\/wp-json\/wp\/v2\/tags?post=1729"}],"curies":[{"name":"wp","href":"https:\/\/api.w.org\/{rel}","templated":true}]}}