{"id":17283,"date":"2020-12-24T02:45:01","date_gmt":"2020-12-24T02:45:01","guid":{"rendered":"https:\/\/www.radiopresidenteibanez.cl\/web\/?p=17283"},"modified":"2020-12-24T02:45:07","modified_gmt":"2020-12-24T02:45:07","slug":"2021-inicia-con-nueva-directiva-del-colegio-de-periodistas","status":"publish","type":"post","link":"https:\/\/www.radiopresidenteibanez.cl\/web\/2021-inicia-con-nueva-directiva-del-colegio-de-periodistas\/","title":{"rendered":"2021 INICIA CON NUEVA DIRECTIVA DEL COLEGIO DE PERIODISTAS"},"content":{"rendered":"\n<p>La comisi\u00f3n electoral del Colegio de Periodistas, dio a\nconocer los resultados de las elecciones que se realizaron la semana reci\u00e9n\npasada, donde la participaci\u00f3n de los colegiados en Magallanes alcanz\u00f3 un\n82,35%. <\/p>\n\n\n\n<p>Desde el mi\u00e9rcoles 16 al viernes 18 de diciembre el Colegio de\nPeriodistas de Chile realiz\u00f3 sus elecciones nacionales y regionales a trav\u00e9s de\nuna plataforma en l\u00ednea donde participaron 16 Consejos Regionales en las\nvotaciones del Consejo Nacional y 10 Consejos Regionales tuvieron elecciones\npara definir quienes compondr\u00e1n sus mesas directivas el a\u00f1o 2021.<\/p>\n\n\n\n<p>En Magallanes el 57,1% de los votos fueron para Jaime\nAlmonacid por la lista 2 y un 42,9% para la representante de la lista 1,\nElizabeth Murga. Adem\u00e1s fueron elegidos como consejeros regionales, los\nperiodistas &nbsp;Isolina Guaiquil, B\u00e1rbara\nSharp, Alejandro Avenda\u00f1o y Alfredo Vera, quienes el lunes 28 del presente,\nser\u00e1n proclamados electos para posteriormente hacer el respectivo cambio de\nadministraci\u00f3n del colegio a nivel regional.<\/p>\n\n\n\n<p>Cristian Morales, actual presidente del colegio se\u00f1al\u00f3 que\n\u201cfueron elecciones justas, democr\u00e1ticas. Por primera vez, en mucho tiempo hubo\ndos candidaturas a presidente y el nivel de votaci\u00f3n en Magallanes, en el\ncontexto de las regiones, fue alto.&nbsp; Hoy,\ncomo periodistas conscientes de la necesidad de transformar la comunicaci\u00f3n en\nun derecho constitucional,&nbsp; le entregamos\ntodo el apoyo al nuevo consejo que liderar\u00e1 Jaime Almonacid\u201d.<\/p>\n\n\n\n<p>Cabe mencionar que a nivel nacional fue electo como\npresidente Danilo Ahumada Flores.<\/p>\n","protected":false},"excerpt":{"rendered":"<p>La comisi\u00f3n electoral del Colegio de Periodistas, dio a conocer los resultados de las elecciones que se realizaron la semana reci\u00e9n pasada, donde la participaci\u00f3n de los colegiados en Magallanes&#8230; <a class=\"read-more\" href=\"https:\/\/www.radiopresidenteibanez.cl\/web\/2021-inicia-con-nueva-directiva-del-colegio-de-periodistas\/\">Leer m\u00e1s<\/a><\/p>\n","protected":false},"author":2,"featured_media":17284,"comment_status":"closed","ping_status":"closed","sticky":false,"template":"","format":"standard","meta":{"footnotes":""},"categories":[1],"tags":[],"class_list":["post-17283","post","type-post","status-publish","format-standard","has-post-thumbnail","hentry","category-cronica"],"_links":{"self":[{"href":"https:\/\/www.radiopresidenteibanez.cl\/web\/wp-json\/wp\/v2\/posts\/17283","targetHints":{"allow":["GET"]}}],"collection":[{"href":"https:\/\/www.radiopresidenteibanez.cl\/web\/wp-json\/wp\/v2\/posts"}],"about":[{"href":"https:\/\/www.radiopresidenteibanez.cl\/web\/wp-json\/wp\/v2\/types\/post"}],"author":[{"embeddable":true,"href":"https:\/\/www.radiopresidenteibanez.cl\/web\/wp-json\/wp\/v2\/users\/2"}],"replies":[{"embeddable":true,"href":"https:\/\/www.radiopresidenteibanez.cl\/web\/wp-json\/wp\/v2\/comments?post=17283"}],"version-history":[{"count":0,"href":"https:\/\/www.radiopresidenteibanez.cl\/web\/wp-json\/wp\/v2\/posts\/17283\/revisions"}],"wp:featuredmedia":[{"embeddable":true,"href":"https:\/\/www.radiopresidenteibanez.cl\/web\/wp-json\/wp\/v2\/media\/17284"}],"wp:attachment":[{"href":"https:\/\/www.radiopresidenteibanez.cl\/web\/wp-json\/wp\/v2\/media?parent=17283"}],"wp:term":[{"taxonomy":"category","embeddable":true,"href":"https:\/\/www.radiopresidenteibanez.cl\/web\/wp-json\/wp\/v2\/categories?post=17283"},{"taxonomy":"post_tag","embeddable":true,"href":"https:\/\/www.radiopresidenteibanez.cl\/web\/wp-json\/wp\/v2\/tags?post=17283"}],"curies":[{"name":"wp","href":"https:\/\/api.w.org\/{rel}","templated":true}]}}