{"id":17281,"date":"2020-12-24T02:42:02","date_gmt":"2020-12-24T02:42:02","guid":{"rendered":"https:\/\/www.radiopresidenteibanez.cl\/web\/?p=17281"},"modified":"2020-12-24T02:42:08","modified_gmt":"2020-12-24T02:42:08","slug":"juan-morano-pre-candidato-alcalde-dc-sorprende-el-estado-que-se-encuentra-la-ciudad-practicamente-en-estado-de-abandono","status":"publish","type":"post","link":"https:\/\/www.radiopresidenteibanez.cl\/web\/juan-morano-pre-candidato-alcalde-dc-sorprende-el-estado-que-se-encuentra-la-ciudad-practicamente-en-estado-de-abandono\/","title":{"rendered":"JUAN MORANO, PRE CANDIDATO ALCALDE DC \u201cSORPRENDE EL ESTADO QUE SE ENCUENTRA LA CIUDAD, PRACTICAMENTE EN ESTADO DE ABANDONO\u201d"},"content":{"rendered":"\n<p>Juan Morano, se\u00f1alo que es lamentable ver una ciudad que no\nse ha desarrollado en los \u00faltimos a\u00f1os producto de la poca participaci\u00f3n que\nhan tenido los vecinos en las tomas de decisiones para conocer sobre la ciudad\nen la que quieren vivir<\/p>\n\n\n\n<p>El pre candidato Alcalde de la Democracia Cristiana, &nbsp;se\u00f1alo que es importante conocer en estos\ntiempos lo que quiere la gente para el futuro de su comuna, y es por esto que\nsi ganamos la primaria el pr\u00f3ximo tres de enero comenzaremos a realizar un\ntrabajo con y para los vecinos<\/p>\n\n\n\n<p>Morano, agrego que al conversar con la comunidad le comentan\nque se extra\u00f1a mucho el trabajo en terreno la cercan\u00eda de la autoridad comunal\ncon sus vecinos, y eso es simplemente porque no se ha generado la participaci\u00f3n\nciudadana que se necesita para conocer los problemas de las y los barrios de la\nciudad<\/p>\n\n\n\n<p>Por ultimo Juan Morano, invito a la ciudadan\u00eda a participar de este proceso eleccionario que se desarrollara el pr\u00f3ximo tres de enero 2021 donde se elegir\u00e1 el candidato o la candidata \u00fanico de la oposici\u00f3n<\/p>\n\n\n\n<p><\/p>\n\n\n\n<p>DMG<\/p>\n","protected":false},"excerpt":{"rendered":"<p>Juan Morano, se\u00f1alo que es lamentable ver una ciudad que no se ha desarrollado en los \u00faltimos a\u00f1os producto de la poca participaci\u00f3n que han tenido los vecinos en las&#8230; <a class=\"read-more\" href=\"https:\/\/www.radiopresidenteibanez.cl\/web\/juan-morano-pre-candidato-alcalde-dc-sorprende-el-estado-que-se-encuentra-la-ciudad-practicamente-en-estado-de-abandono\/\">Leer m\u00e1s<\/a><\/p>\n","protected":false},"author":2,"featured_media":1768,"comment_status":"closed","ping_status":"closed","sticky":false,"template":"","format":"standard","meta":{"footnotes":""},"categories":[1],"tags":[],"class_list":["post-17281","post","type-post","status-publish","format-standard","has-post-thumbnail","hentry","category-cronica"],"_links":{"self":[{"href":"https:\/\/www.radiopresidenteibanez.cl\/web\/wp-json\/wp\/v2\/posts\/17281","targetHints":{"allow":["GET"]}}],"collection":[{"href":"https:\/\/www.radiopresidenteibanez.cl\/web\/wp-json\/wp\/v2\/posts"}],"about":[{"href":"https:\/\/www.radiopresidenteibanez.cl\/web\/wp-json\/wp\/v2\/types\/post"}],"author":[{"embeddable":true,"href":"https:\/\/www.radiopresidenteibanez.cl\/web\/wp-json\/wp\/v2\/users\/2"}],"replies":[{"embeddable":true,"href":"https:\/\/www.radiopresidenteibanez.cl\/web\/wp-json\/wp\/v2\/comments?post=17281"}],"version-history":[{"count":0,"href":"https:\/\/www.radiopresidenteibanez.cl\/web\/wp-json\/wp\/v2\/posts\/17281\/revisions"}],"wp:featuredmedia":[{"embeddable":true,"href":"https:\/\/www.radiopresidenteibanez.cl\/web\/wp-json\/wp\/v2\/media\/1768"}],"wp:attachment":[{"href":"https:\/\/www.radiopresidenteibanez.cl\/web\/wp-json\/wp\/v2\/media?parent=17281"}],"wp:term":[{"taxonomy":"category","embeddable":true,"href":"https:\/\/www.radiopresidenteibanez.cl\/web\/wp-json\/wp\/v2\/categories?post=17281"},{"taxonomy":"post_tag","embeddable":true,"href":"https:\/\/www.radiopresidenteibanez.cl\/web\/wp-json\/wp\/v2\/tags?post=17281"}],"curies":[{"name":"wp","href":"https:\/\/api.w.org\/{rel}","templated":true}]}}