{"id":17278,"date":"2020-12-24T02:40:21","date_gmt":"2020-12-24T02:40:21","guid":{"rendered":"https:\/\/www.radiopresidenteibanez.cl\/web\/?p=17278"},"modified":"2020-12-24T02:40:28","modified_gmt":"2020-12-24T02:40:28","slug":"empresa-bakkavor-de-la-ciudad-de-porvenir-realizo-entrega-de-regalos-a-hijos-de-sus-trabajadores","status":"publish","type":"post","link":"https:\/\/www.radiopresidenteibanez.cl\/web\/empresa-bakkavor-de-la-ciudad-de-porvenir-realizo-entrega-de-regalos-a-hijos-de-sus-trabajadores\/","title":{"rendered":"EMPRESA BAKKAVOR DE LA CIUDAD DE PORVENIR, REALIZ\u00d3 ENTREGA DE REGALOS A HIJOS DE SUS TRABAJADORES"},"content":{"rendered":"\n<p>En una soleada y agradable tarde en la ciudad de Porvenir;\neste martes la empresa Bakkavor, efectu\u00f3 la entrega de regalos a los hijos e\nhijas de sus trabajadores y como la pandemia no permite reuniones, decidieron\nrecorrer las calles de la ciudad e ir de manera personal a los respectivos\ndomicilios a hacer la entrega<\/p>\n\n\n\n<p>Para ello se hicieron acompa\u00f1ar por una Pascuerita que\nderroch\u00f3 alegr\u00eda mientras cumpl\u00eda su cometido. M\u00f3nica C\u00e1rdenas Jefe de planta\nde Bakkavor Chile, dijo que todos los a\u00f1os la compa\u00f1\u00eda realiza esta entrega de\nregalos a los ni\u00f1@s para llevar alegr\u00eda y un mensaje de esperanza en esta fecha\ntan importante para el mundo cristiano como lo es la navidad.<\/p>\n\n\n\n<p>Junto con lo anterior aprovech\u00f3 la ocasi\u00f3n para hacer llegar\nun especial saludo a todo la comunidad de Porvenir y la Regi\u00f3n, deseando pasen\nuna muy feliz Navidad y que el a\u00f1o nuevo 2021 se de \u00e9xito y prosperidad para\ntodos.<\/p>\n","protected":false},"excerpt":{"rendered":"<p>En una soleada y agradable tarde en la ciudad de Porvenir; este martes la empresa Bakkavor, efectu\u00f3 la entrega de regalos a los hijos e hijas de sus trabajadores y&#8230; <a class=\"read-more\" href=\"https:\/\/www.radiopresidenteibanez.cl\/web\/empresa-bakkavor-de-la-ciudad-de-porvenir-realizo-entrega-de-regalos-a-hijos-de-sus-trabajadores\/\">Leer m\u00e1s<\/a><\/p>\n","protected":false},"author":2,"featured_media":17279,"comment_status":"closed","ping_status":"closed","sticky":false,"template":"","format":"standard","meta":{"footnotes":""},"categories":[1],"tags":[],"class_list":["post-17278","post","type-post","status-publish","format-standard","has-post-thumbnail","hentry","category-cronica"],"_links":{"self":[{"href":"https:\/\/www.radiopresidenteibanez.cl\/web\/wp-json\/wp\/v2\/posts\/17278","targetHints":{"allow":["GET"]}}],"collection":[{"href":"https:\/\/www.radiopresidenteibanez.cl\/web\/wp-json\/wp\/v2\/posts"}],"about":[{"href":"https:\/\/www.radiopresidenteibanez.cl\/web\/wp-json\/wp\/v2\/types\/post"}],"author":[{"embeddable":true,"href":"https:\/\/www.radiopresidenteibanez.cl\/web\/wp-json\/wp\/v2\/users\/2"}],"replies":[{"embeddable":true,"href":"https:\/\/www.radiopresidenteibanez.cl\/web\/wp-json\/wp\/v2\/comments?post=17278"}],"version-history":[{"count":0,"href":"https:\/\/www.radiopresidenteibanez.cl\/web\/wp-json\/wp\/v2\/posts\/17278\/revisions"}],"wp:featuredmedia":[{"embeddable":true,"href":"https:\/\/www.radiopresidenteibanez.cl\/web\/wp-json\/wp\/v2\/media\/17279"}],"wp:attachment":[{"href":"https:\/\/www.radiopresidenteibanez.cl\/web\/wp-json\/wp\/v2\/media?parent=17278"}],"wp:term":[{"taxonomy":"category","embeddable":true,"href":"https:\/\/www.radiopresidenteibanez.cl\/web\/wp-json\/wp\/v2\/categories?post=17278"},{"taxonomy":"post_tag","embeddable":true,"href":"https:\/\/www.radiopresidenteibanez.cl\/web\/wp-json\/wp\/v2\/tags?post=17278"}],"curies":[{"name":"wp","href":"https:\/\/api.w.org\/{rel}","templated":true}]}}